{"id":13089,"date":"2026-04-19T18:51:55","date_gmt":"2026-04-19T16:51:55","guid":{"rendered":"https:\/\/www.protestantsmulhouse.fr\/?p=13089"},"modified":"2026-04-19T19:03:41","modified_gmt":"2026-04-19T17:03:41","slug":"journee-mondiale-de-la-priere-2026","status":"publish","type":"post","link":"https:\/\/www.protestantsmulhouse.fr\/de\/journee-mondiale-de-la-priere-2026","title":{"rendered":"Journ\u00e9e Mondiale de la pri\u00e8re 2026"},"content":{"rendered":"<div data-elementor-type=\"wp-post\" data-elementor-id=\"13089\" class=\"elementor elementor-13089\" data-elementor-post-type=\"post\">\n\t\t\t\t\t\t<section class=\"elementor-section elementor-top-section elementor-element elementor-element-906f60f elementor-section-boxed elementor-section-height-default elementor-section-height-default\" data-id=\"906f60f\" data-element_type=\"section\" data-e-type=\"section\">\n\t\t\t\t\t\t<div class=\"elementor-container elementor-column-gap-default\">\n\t\t\t\t\t<div class=\"elementor-column elementor-col-100 elementor-top-column elementor-element elementor-element-a6133ce\" data-id=\"a6133ce\" data-element_type=\"column\" data-e-type=\"column\">\n\t\t\t<div class=\"elementor-widget-wrap\">\n\t\t\t\t\t\t\t<\/div>\n\t\t<\/div>\n\t\t\t\t\t<\/div>\n\t\t<\/section>\n\t\t\t\t<section class=\"elementor-section elementor-top-section elementor-element elementor-element-8747229 elementor-section-full_width elementor-section-height-default elementor-section-height-default\" data-id=\"8747229\" data-element_type=\"section\" data-e-type=\"section\" data-settings=\"{&quot;background_background&quot;:&quot;slideshow&quot;,&quot;background_slideshow_gallery&quot;:[],&quot;background_slideshow_slide_duration&quot;:5000,&quot;background_slideshow_slide_transition&quot;:&quot;fade&quot;,&quot;background_slideshow_transition_duration&quot;:500}\">\n\t\t\t\t\t\t<div class=\"elementor-container elementor-column-gap-default\">\n\t\t\t\t\t<div class=\"elementor-column elementor-col-16 elementor-top-column elementor-element elementor-element-a3c1bb2\" data-id=\"a3c1bb2\" data-element_type=\"column\" data-e-type=\"column\" data-settings=\"{&quot;background_background&quot;:&quot;classic&quot;}\">\n\t\t\t<div class=\"elementor-widget-wrap elementor-element-populated\">\n\t\t\t\t\t\t<div class=\"elementor-element elementor-element-d98b89f elementor-widget__width-initial elementor-widget elementor-widget-spacer\" data-id=\"d98b89f\" data-element_type=\"widget\" data-e-type=\"widget\" data-widget_type=\"spacer.default\">\n\t\t\t\t<div class=\"elementor-widget-container\">\n\t\t\t\t\t\t\t<div class=\"elementor-spacer\">\n\t\t\t<div class=\"elementor-spacer-inner\"><\/div>\n\t\t<\/div>\n\t\t\t\t\t\t<\/div>\n\t\t\t\t<\/div>\n\t\t\t\t\t<\/div>\n\t\t<\/div>\n\t\t\t\t<div class=\"elementor-column elementor-col-66 elementor-top-column elementor-element elementor-element-a193c1b\" data-id=\"a193c1b\" data-element_type=\"column\" data-e-type=\"column\">\n\t\t\t<div class=\"elementor-widget-wrap elementor-element-populated\">\n\t\t\t\t\t\t<div class=\"elementor-element elementor-element-3bdec91 elementor-widget elementor-widget-heading\" data-id=\"3bdec91\" data-element_type=\"widget\" data-e-type=\"widget\" data-widget_type=\"heading.default\">\n\t\t\t\t<div class=\"elementor-widget-container\">\n\t\t\t\t\t<h2 class=\"elementor-heading-title elementor-size-default\">Journ\u00e9e Mondiale de la Pri\u00e8re 2026 \u00e0 la paroisse r\u00e9form\u00e9e de Dornach<\/h2>\t\t\t\t<\/div>\n\t\t\t\t<\/div>\n\t\t\t\t<div class=\"elementor-element elementor-element-cef5db4 elementor-widget elementor-widget-text-editor\" data-id=\"cef5db4\" data-element_type=\"widget\" data-e-type=\"widget\" data-widget_type=\"text-editor.default\">\n\t\t\t\t<div class=\"elementor-widget-container\">\n\t\t\t\t\t\t\t\t\t<p><strong>Vendredi 6 mars : Que s&#8217;est-il pass\u00e9 ?<\/strong><\/p><p>La journ\u00e9e mondiale de pri\u00e8re s&#8217;est d\u00e9roul\u00e9e sur le th\u00e8me du Nig\u00e9ria.<\/p><p><strong>O\u00f9 ?<\/strong> \u00c0 Dornach, dans la salle paroissiale.<\/p><p><strong>Qui est intervenu ?<\/strong><\/p><p>Doris, la saxophoniste,6 lectrices dont 4 v\u00eatues d&#8217;un costume africain et un projectionniste.<\/p><p><strong>Que voyaient les participants ?<\/strong><\/p><p>Une table d\u00e9cor\u00e9e avec une nappe africaine, une croix, une bible, des calebasses, des noix de coco, des mangues, un drapeau nig\u00e9rien, un globe terrestre, un sac d&#8217;\u00e9cole et un bel arrangement.<\/p><p><strong>Qu&#8217;avons-nous fait ?<\/strong><\/p><p>Nous avons chant\u00e9 quatre cantiques cr\u00e9\u00e9s ou choisis sp\u00e9cialement pour cette journ\u00e9e et lu <em>Matthieu 11, 28 \u00e0 30.<\/em><\/p><p><strong>Qu&#8217;avons-nous \u00e9cout\u00e9 ?<\/strong><\/p><p>Les lectrices ont partag\u00e9 avec l&#8217;assembl\u00e9e des t\u00e9moignages et des pri\u00e8res sur ce que subissent les femmes nig\u00e9riennes,leur lutte pour vivre dignement et pratiquer leur foi malgr\u00e9 la pers\u00e9cution.<\/p><p><strong>Comment avons-nous particip\u00e9 ?<\/strong><\/p><p>Nous avons \u00e9crit sur des petits cartons repr\u00e9sentant un galet, le fardeau qui nous p\u00e8se, nous avons particip\u00e9 \u00e0 l&#8217;offrande pour la Mission 21, nous avons partag\u00e9 g\u00e2teaux, dont deux nig\u00e9riens, et boissons, puis distribu\u00e9 des cartes souvenir.\u00a0<\/p>\t\t\t\t\t\t\t\t<\/div>\n\t\t\t\t<\/div>\n\t\t\t\t<div class=\"elementor-element elementor-element-a32a224 elementor-widget elementor-widget-image\" data-id=\"a32a224\" data-element_type=\"widget\" data-e-type=\"widget\" data-widget_type=\"image.default\">\n\t\t\t\t<div class=\"elementor-widget-container\">\n\t\t\t\t\t\t\t\t\t\t\t\t\t\t\t<img fetchpriority=\"high\" decoding=\"async\" width=\"680\" height=\"510\" src=\"https:\/\/www.protestantsmulhouse.fr\/wp-content\/uploads\/2026\/04\/JMP-1-1024x768.jpg\" class=\"attachment-large size-large wp-image-13094\" alt=\"\" srcset=\"https:\/\/www.protestantsmulhouse.fr\/wp-content\/uploads\/2026\/04\/JMP-1-1024x768.jpg 1024w, https:\/\/www.protestantsmulhouse.fr\/wp-content\/uploads\/2026\/04\/JMP-1-300x225.jpg 300w, https:\/\/www.protestantsmulhouse.fr\/wp-content\/uploads\/2026\/04\/JMP-1-768x576.jpg 768w, https:\/\/www.protestantsmulhouse.fr\/wp-content\/uploads\/2026\/04\/JMP-1-1536x1152.jpg 1536w, https:\/\/www.protestantsmulhouse.fr\/wp-content\/uploads\/2026\/04\/JMP-1-2048x1536.jpg 2048w, https:\/\/www.protestantsmulhouse.fr\/wp-content\/uploads\/2026\/04\/JMP-1-16x12.jpg 16w, https:\/\/www.protestantsmulhouse.fr\/wp-content\/uploads\/2026\/04\/JMP-1-958x719.jpg 958w\" sizes=\"(max-width: 680px) 100vw, 680px\" \/>\t\t\t\t\t\t\t\t\t\t\t\t\t\t\t<\/div>\n\t\t\t\t<\/div>\n\t\t\t\t<div class=\"elementor-element elementor-element-bc0662d elementor-widget elementor-widget-image\" data-id=\"bc0662d\" data-element_type=\"widget\" data-e-type=\"widget\" data-widget_type=\"image.default\">\n\t\t\t\t<div class=\"elementor-widget-container\">\n\t\t\t\t\t\t\t\t\t\t\t\t\t\t\t<img decoding=\"async\" width=\"680\" height=\"461\" src=\"https:\/\/www.protestantsmulhouse.fr\/wp-content\/uploads\/2026\/04\/IMG_20260306_144042-1-1024x694.jpg\" class=\"attachment-large size-large wp-image-13093\" alt=\"\" srcset=\"https:\/\/www.protestantsmulhouse.fr\/wp-content\/uploads\/2026\/04\/IMG_20260306_144042-1-1024x694.jpg 1024w, https:\/\/www.protestantsmulhouse.fr\/wp-content\/uploads\/2026\/04\/IMG_20260306_144042-1-300x203.jpg 300w, https:\/\/www.protestantsmulhouse.fr\/wp-content\/uploads\/2026\/04\/IMG_20260306_144042-1-768x521.jpg 768w, https:\/\/www.protestantsmulhouse.fr\/wp-content\/uploads\/2026\/04\/IMG_20260306_144042-1-18x12.jpg 18w, https:\/\/www.protestantsmulhouse.fr\/wp-content\/uploads\/2026\/04\/IMG_20260306_144042-1-958x649.jpg 958w, https:\/\/www.protestantsmulhouse.fr\/wp-content\/uploads\/2026\/04\/IMG_20260306_144042-1.jpg 1319w\" sizes=\"(max-width: 680px) 100vw, 680px\" \/>\t\t\t\t\t\t\t\t\t\t\t\t\t\t\t<\/div>\n\t\t\t\t<\/div>\n\t\t\t\t<div class=\"elementor-element elementor-element-4a51b9b elementor-widget-divider--view-line elementor-widget elementor-widget-divider\" data-id=\"4a51b9b\" data-element_type=\"widget\" data-e-type=\"widget\" data-widget_type=\"divider.default\">\n\t\t\t\t<div class=\"elementor-widget-container\">\n\t\t\t\t\t\t\t<div class=\"elementor-divider\">\n\t\t\t<span class=\"elementor-divider-separator\">\n\t\t\t\t\t\t<\/span>\n\t\t<\/div>\n\t\t\t\t\t\t<\/div>\n\t\t\t\t<\/div>\n\t\t\t\t\t<\/div>\n\t\t<\/div>\n\t\t\t\t<div class=\"elementor-column elementor-col-16 elementor-top-column elementor-element elementor-element-7f14863\" data-id=\"7f14863\" data-element_type=\"column\" data-e-type=\"column\" data-settings=\"{&quot;background_background&quot;:&quot;classic&quot;}\">\n\t\t\t<div class=\"elementor-widget-wrap elementor-element-populated\">\n\t\t\t\t\t\t<div class=\"elementor-element elementor-element-cbcacd1 elementor-widget elementor-widget-spacer\" data-id=\"cbcacd1\" data-element_type=\"widget\" data-e-type=\"widget\" data-widget_type=\"spacer.default\">\n\t\t\t\t<div class=\"elementor-widget-container\">\n\t\t\t\t\t\t\t<div class=\"elementor-spacer\">\n\t\t\t<div class=\"elementor-spacer-inner\"><\/div>\n\t\t<\/div>\n\t\t\t\t\t\t<\/div>\n\t\t\t\t<\/div>\n\t\t\t\t\t<\/div>\n\t\t<\/div>\n\t\t\t\t\t<\/div>\n\t\t<\/section>\n\t\t\t\t<\/div>","protected":false},"excerpt":{"rendered":"<p>Journ\u00e9e Mondiale de la Pri\u00e8re 2026 \u00e0 la paroisse r\u00e9form\u00e9e de Dornach Vendredi 6 mars : Que s&#8217;est-il pass\u00e9 ? La journ\u00e9e mondiale de pri\u00e8re s&#8217;est d\u00e9roul\u00e9e sur le th\u00e8me du Nig\u00e9ria. O\u00f9 ? \u00c0 Dornach, dans la salle paroissiale. Qui est intervenu ? Doris, la saxophoniste,6 lectrices dont 4 v\u00eatues d&#8217;un costume africain et [&hellip;]<\/p>\n","protected":false},"author":1,"featured_media":0,"comment_status":"open","ping_status":"open","sticky":false,"template":"","format":"standard","meta":{"footnotes":""},"categories":[156],"tags":[],"class_list":["post-13089","post","type-post","status-publish","format-standard","hentry","category-evennement"],"meta_box":{"imic_strict_no_header":"0","imic_page_topbar_show":"","imic_page_specific_header":"","imic_page_logo_image":[],"imic_page_retina_logo_image":[],"imic_page_retina_logo_image_width":"","imic_page_retina_logo_image_height":"","imic_page_layout":"","imic_content_width":"","imic_content_padding_top":"","imic_content_padding_bottom":"","imic_pages_body_bg_color":"","imic_pages_body_bg_image":[],"imic_pages_body_bg_wide":"0","imic_pages_body_bg_repeat":"repeat","imic_pages_content_bg_color":"","imic_pages_content_bg_image":[],"imic_pages_content_bg_wide":"0","imic_pages_content_bg_repeat":"repeat","imic_page_header_show":"1","imic_pages_Choose_slider_display":"0","imic_header_image":[],"imic_pages_select_revolution_from_list":"","imic_pages_select_smart_from_list":"1","imic_pages_slider_height":"","imic_pages_slider_image":[],"imic_pages_slider_auto_slide":"yes","imic_pages_slider_speed":"","imic_pages_slider_pagination":"yes","imic_pages_slider_direction_arrows":"yes","imic_pages_slider_effects":"fade","imic_pages_banner_color":"","imic_pages_breadcrumb_show":"1","imic_pages_title_show":"1","imic_pages_banner_bg_color":"","imic_post_page_custom_title":"","imic_pages_banner_text_color":"","imic_pages_title_alignment":"","imic_page_social_share":"1","imic_select_sidebar_from_list":"","imic_select_sidebar_position":"","imic_post_custom_description":""},"_links":{"self":[{"href":"https:\/\/www.protestantsmulhouse.fr\/de\/wp-json\/wp\/v2\/posts\/13089","targetHints":{"allow":["GET"]}}],"collection":[{"href":"https:\/\/www.protestantsmulhouse.fr\/de\/wp-json\/wp\/v2\/posts"}],"about":[{"href":"https:\/\/www.protestantsmulhouse.fr\/de\/wp-json\/wp\/v2\/types\/post"}],"author":[{"embeddable":true,"href":"https:\/\/www.protestantsmulhouse.fr\/de\/wp-json\/wp\/v2\/users\/1"}],"replies":[{"embeddable":true,"href":"https:\/\/www.protestantsmulhouse.fr\/de\/wp-json\/wp\/v2\/comments?post=13089"}],"version-history":[{"count":6,"href":"https:\/\/www.protestantsmulhouse.fr\/de\/wp-json\/wp\/v2\/posts\/13089\/revisions"}],"predecessor-version":[{"id":13098,"href":"https:\/\/www.protestantsmulhouse.fr\/de\/wp-json\/wp\/v2\/posts\/13089\/revisions\/13098"}],"wp:attachment":[{"href":"https:\/\/www.protestantsmulhouse.fr\/de\/wp-json\/wp\/v2\/media?parent=13089"}],"wp:term":[{"taxonomy":"category","embeddable":true,"href":"https:\/\/www.protestantsmulhouse.fr\/de\/wp-json\/wp\/v2\/categories?post=13089"},{"taxonomy":"post_tag","embeddable":true,"href":"https:\/\/www.protestantsmulhouse.fr\/de\/wp-json\/wp\/v2\/tags?post=13089"}],"curies":[{"name":"wp","href":"https:\/\/api.w.org\/{rel}","templated":true}]}}