{"id":1908,"date":"2023-01-23T16:52:29","date_gmt":"2023-01-23T15:52:29","guid":{"rendered":"https:\/\/www.protestantsmulhouse.fr\/?p=1908"},"modified":"2025-09-29T09:53:11","modified_gmt":"2025-09-29T07:53:11","slug":"retour-sur-la-journee-oecumenique-2023","status":"publish","type":"post","link":"https:\/\/www.protestantsmulhouse.fr\/de\/retour-sur-la-journee-oecumenique-2023","title":{"rendered":"retour sur la journ\u00e9e oecum\u00e9nique 2023"},"content":{"rendered":"<p>Un article publi\u00e9 sur le site du Dioc\u00e8se d&#8217;Alsace<\/p>\n<blockquote class=\"wp-embedded-content\" data-secret=\"yawQDd8je1\"><p><a href=\"https:\/\/www.alsace.catholique.fr\/actualites\/420811-la-journee-oecumenique-2023-de-mulhouse\/\">La Journ\u00e9e \u0153cum\u00e9nique 2023 de Mulhouse<\/a><\/p><\/blockquote>\n<p><iframe class=\"wp-embedded-content\" sandbox=\"allow-scripts\" security=\"restricted\" style=\"position: absolute; clip: rect(1px, 1px, 1px, 1px);\" title=\"\u00ab\u00a0La Journ\u00e9e \u0153cum\u00e9nique 2023 de Mulhouse\u00a0\u00bb &#8212; Dioc\u00e8se de Strasbourg\" src=\"https:\/\/www.alsace.catholique.fr\/actualites\/420811-la-journee-oecumenique-2023-de-mulhouse\/embed\/#?secret=yawQDd8je1\" data-secret=\"yawQDd8je1\" width=\"600\" height=\"338\" frameborder=\"0\" marginwidth=\"0\" marginheight=\"0\" scrolling=\"no\"><\/iframe><\/p>","protected":false},"excerpt":{"rendered":"<p>Un article publi\u00e9 sur le site du Dioc\u00e8se d&#8217;Alsace La Journ\u00e9e \u0153cum\u00e9nique 2023 de Mulhouse<\/p>","protected":false},"author":1,"featured_media":0,"comment_status":"open","ping_status":"open","sticky":false,"template":"","format":"standard","meta":{"footnotes":""},"categories":[156],"tags":[],"class_list":["post-1908","post","type-post","status-publish","format-standard","hentry","category-evennement"],"meta_box":{"imic_strict_no_header":"0","imic_page_topbar_show":"","imic_page_specific_header":"","imic_page_logo_image":[],"imic_page_retina_logo_image":[],"imic_page_retina_logo_image_width":"","imic_page_retina_logo_image_height":"","imic_page_layout":"","imic_content_width":"","imic_content_padding_top":"","imic_content_padding_bottom":"","imic_pages_body_bg_color":"","imic_pages_body_bg_image":[],"imic_pages_body_bg_wide":"0","imic_pages_body_bg_repeat":"repeat","imic_pages_content_bg_color":"","imic_pages_content_bg_image":[],"imic_pages_content_bg_wide":"0","imic_pages_content_bg_repeat":"repeat","imic_page_header_show":"1","imic_pages_Choose_slider_display":"0","imic_header_image":[],"imic_pages_select_revolution_from_list":"","imic_pages_select_smart_from_list":"1","imic_pages_slider_height":"","imic_pages_slider_image":[],"imic_pages_slider_auto_slide":"yes","imic_pages_slider_speed":"","imic_pages_slider_pagination":"yes","imic_pages_slider_direction_arrows":"yes","imic_pages_slider_effects":"fade","imic_pages_banner_color":"","imic_pages_breadcrumb_show":"1","imic_pages_title_show":"1","imic_pages_banner_bg_color":"","imic_post_page_custom_title":"","imic_pages_banner_text_color":"","imic_pages_title_alignment":"","imic_page_social_share":"0","imic_select_sidebar_from_list":"","imic_select_sidebar_position":"","imic_post_custom_description":""},"_links":{"self":[{"href":"https:\/\/www.protestantsmulhouse.fr\/de\/wp-json\/wp\/v2\/posts\/1908","targetHints":{"allow":["GET"]}}],"collection":[{"href":"https:\/\/www.protestantsmulhouse.fr\/de\/wp-json\/wp\/v2\/posts"}],"about":[{"href":"https:\/\/www.protestantsmulhouse.fr\/de\/wp-json\/wp\/v2\/types\/post"}],"author":[{"embeddable":true,"href":"https:\/\/www.protestantsmulhouse.fr\/de\/wp-json\/wp\/v2\/users\/1"}],"replies":[{"embeddable":true,"href":"https:\/\/www.protestantsmulhouse.fr\/de\/wp-json\/wp\/v2\/comments?post=1908"}],"version-history":[{"count":1,"href":"https:\/\/www.protestantsmulhouse.fr\/de\/wp-json\/wp\/v2\/posts\/1908\/revisions"}],"predecessor-version":[{"id":6145,"href":"https:\/\/www.protestantsmulhouse.fr\/de\/wp-json\/wp\/v2\/posts\/1908\/revisions\/6145"}],"wp:attachment":[{"href":"https:\/\/www.protestantsmulhouse.fr\/de\/wp-json\/wp\/v2\/media?parent=1908"}],"wp:term":[{"taxonomy":"category","embeddable":true,"href":"https:\/\/www.protestantsmulhouse.fr\/de\/wp-json\/wp\/v2\/categories?post=1908"},{"taxonomy":"post_tag","embeddable":true,"href":"https:\/\/www.protestantsmulhouse.fr\/de\/wp-json\/wp\/v2\/tags?post=1908"}],"curies":[{"name":"wp","href":"https:\/\/api.w.org\/{rel}","templated":true}]}}