{"id":1915,"date":"2023-01-26T11:05:41","date_gmt":"2023-01-26T10:05:41","guid":{"rendered":"https:\/\/www.protestantsmulhouse.fr\/?p=1915"},"modified":"2025-09-29T09:53:24","modified_gmt":"2025-09-29T07:53:24","slug":"revoir-la-veillee-oecumenique-taize-du-samedi-21-janvier-a-saint-martin","status":"publish","type":"post","link":"https:\/\/www.protestantsmulhouse.fr\/de\/revoir-la-veillee-oecumenique-taize-du-samedi-21-janvier-a-saint-martin","title":{"rendered":"Revoir la veill\u00e9e oecum\u00e9nique &#8220;Taiz\u00e9&#8221; du samedi 21 janvier \u00e0 Saint-Martin"},"content":{"rendered":"<p><iframe title=\"Veill\u00e9e oecum\u00e9nique &quot;\u00e0 la fa\u00e7on de Taiz\u00e9&quot; \u00e0 Saint-Martin\" width=\"680\" height=\"383\" src=\"https:\/\/www.youtube.com\/embed\/pkJYS0wW0UM?feature=oembed\" frameborder=\"0\" allow=\"accelerometer; autoplay; clipboard-write; encrypted-media; gyroscope; picture-in-picture; web-share\" allowfullscreen><\/iframe><\/p>","protected":false},"excerpt":{"rendered":"","protected":false},"author":1,"featured_media":0,"comment_status":"open","ping_status":"open","sticky":false,"template":"","format":"standard","meta":{"footnotes":""},"categories":[156],"tags":[],"class_list":["post-1915","post","type-post","status-publish","format-standard","hentry","category-evennement"],"meta_box":{"imic_strict_no_header":"0","imic_page_topbar_show":"","imic_page_specific_header":"","imic_page_logo_image":[],"imic_page_retina_logo_image":[],"imic_page_retina_logo_image_width":"","imic_page_retina_logo_image_height":"","imic_page_layout":"","imic_content_width":"","imic_content_padding_top":"","imic_content_padding_bottom":"","imic_pages_body_bg_color":"","imic_pages_body_bg_image":[],"imic_pages_body_bg_wide":"0","imic_pages_body_bg_repeat":"repeat","imic_pages_content_bg_color":"","imic_pages_content_bg_image":[],"imic_pages_content_bg_wide":"0","imic_pages_content_bg_repeat":"repeat","imic_page_header_show":"1","imic_pages_Choose_slider_display":"0","imic_header_image":[],"imic_pages_select_revolution_from_list":"","imic_pages_select_smart_from_list":"1","imic_pages_slider_height":"","imic_pages_slider_image":[],"imic_pages_slider_auto_slide":"yes","imic_pages_slider_speed":"","imic_pages_slider_pagination":"yes","imic_pages_slider_direction_arrows":"yes","imic_pages_slider_effects":"fade","imic_pages_banner_color":"","imic_pages_breadcrumb_show":"1","imic_pages_title_show":"1","imic_pages_banner_bg_color":"","imic_post_page_custom_title":"","imic_pages_banner_text_color":"","imic_pages_title_alignment":"","imic_page_social_share":"1","imic_select_sidebar_from_list":"","imic_select_sidebar_position":"","imic_post_custom_description":""},"_links":{"self":[{"href":"https:\/\/www.protestantsmulhouse.fr\/de\/wp-json\/wp\/v2\/posts\/1915","targetHints":{"allow":["GET"]}}],"collection":[{"href":"https:\/\/www.protestantsmulhouse.fr\/de\/wp-json\/wp\/v2\/posts"}],"about":[{"href":"https:\/\/www.protestantsmulhouse.fr\/de\/wp-json\/wp\/v2\/types\/post"}],"author":[{"embeddable":true,"href":"https:\/\/www.protestantsmulhouse.fr\/de\/wp-json\/wp\/v2\/users\/1"}],"replies":[{"embeddable":true,"href":"https:\/\/www.protestantsmulhouse.fr\/de\/wp-json\/wp\/v2\/comments?post=1915"}],"version-history":[{"count":1,"href":"https:\/\/www.protestantsmulhouse.fr\/de\/wp-json\/wp\/v2\/posts\/1915\/revisions"}],"predecessor-version":[{"id":6146,"href":"https:\/\/www.protestantsmulhouse.fr\/de\/wp-json\/wp\/v2\/posts\/1915\/revisions\/6146"}],"wp:attachment":[{"href":"https:\/\/www.protestantsmulhouse.fr\/de\/wp-json\/wp\/v2\/media?parent=1915"}],"wp:term":[{"taxonomy":"category","embeddable":true,"href":"https:\/\/www.protestantsmulhouse.fr\/de\/wp-json\/wp\/v2\/categories?post=1915"},{"taxonomy":"post_tag","embeddable":true,"href":"https:\/\/www.protestantsmulhouse.fr\/de\/wp-json\/wp\/v2\/tags?post=1915"}],"curies":[{"name":"wp","href":"https:\/\/api.w.org\/{rel}","templated":true}]}}