{"id":8670,"date":"2026-04-18T14:36:54","date_gmt":"2026-04-18T12:36:54","guid":{"rendered":"https:\/\/www.protestantsmulhouse.fr\/?p=8670"},"modified":"2026-04-22T10:00:53","modified_gmt":"2026-04-22T08:00:53","slug":"sejour-a-geneve-printemps-2026","status":"publish","type":"post","link":"https:\/\/www.protestantsmulhouse.fr\/de\/sejour-a-geneve-printemps-2026","title":{"rendered":"S\u00e9jour \u00e0 Gen\u00e8ve &#8211; Printemps 2026"},"content":{"rendered":"<div data-elementor-type=\"wp-post\" data-elementor-id=\"8670\" class=\"elementor elementor-8670\" data-elementor-post-type=\"post\">\n\t\t\t\t\t\t<section class=\"elementor-section elementor-top-section elementor-element elementor-element-906f60f elementor-section-boxed elementor-section-height-default elementor-section-height-default\" data-id=\"906f60f\" data-element_type=\"section\" data-e-type=\"section\">\n\t\t\t\t\t\t<div class=\"elementor-container elementor-column-gap-default\">\n\t\t\t\t\t<div class=\"elementor-column elementor-col-100 elementor-top-column elementor-element elementor-element-a6133ce\" data-id=\"a6133ce\" data-element_type=\"column\" data-e-type=\"column\">\n\t\t\t<div class=\"elementor-widget-wrap\">\n\t\t\t\t\t\t\t<\/div>\n\t\t<\/div>\n\t\t\t\t\t<\/div>\n\t\t<\/section>\n\t\t\t\t<section class=\"elementor-section elementor-top-section elementor-element elementor-element-8747229 elementor-section-full_width elementor-section-height-default elementor-section-height-default\" data-id=\"8747229\" data-element_type=\"section\" data-e-type=\"section\" data-settings=\"{&quot;background_background&quot;:&quot;slideshow&quot;,&quot;background_slideshow_gallery&quot;:[],&quot;background_slideshow_slide_duration&quot;:5000,&quot;background_slideshow_slide_transition&quot;:&quot;fade&quot;,&quot;background_slideshow_transition_duration&quot;:500}\">\n\t\t\t\t\t\t<div class=\"elementor-container elementor-column-gap-default\">\n\t\t\t\t\t<div class=\"elementor-column elementor-col-16 elementor-top-column elementor-element elementor-element-a3c1bb2\" data-id=\"a3c1bb2\" data-element_type=\"column\" data-e-type=\"column\" data-settings=\"{&quot;background_background&quot;:&quot;classic&quot;}\">\n\t\t\t<div class=\"elementor-widget-wrap elementor-element-populated\">\n\t\t\t\t\t\t<div class=\"elementor-element elementor-element-d98b89f elementor-widget__width-initial elementor-widget elementor-widget-spacer\" data-id=\"d98b89f\" data-element_type=\"widget\" data-e-type=\"widget\" data-widget_type=\"spacer.default\">\n\t\t\t\t<div class=\"elementor-widget-container\">\n\t\t\t\t\t\t\t<div class=\"elementor-spacer\">\n\t\t\t<div class=\"elementor-spacer-inner\"><\/div>\n\t\t<\/div>\n\t\t\t\t\t\t<\/div>\n\t\t\t\t<\/div>\n\t\t\t\t\t<\/div>\n\t\t<\/div>\n\t\t\t\t<div class=\"elementor-column elementor-col-66 elementor-top-column elementor-element elementor-element-a193c1b\" data-id=\"a193c1b\" data-element_type=\"column\" data-e-type=\"column\">\n\t\t\t<div class=\"elementor-widget-wrap elementor-element-populated\">\n\t\t\t\t\t\t<div class=\"elementor-element elementor-element-d40dd85 elementor-widget elementor-widget-image\" data-id=\"d40dd85\" data-element_type=\"widget\" data-e-type=\"widget\" data-widget_type=\"image.default\">\n\t\t\t\t<div class=\"elementor-widget-container\">\n\t\t\t\t\t\t\t\t\t\t\t\t\t\t\t<img fetchpriority=\"high\" decoding=\"async\" width=\"680\" height=\"383\" src=\"https:\/\/www.protestantsmulhouse.fr\/wp-content\/uploads\/2026\/04\/Geneve-1024x576.jpg\" class=\"attachment-large size-large wp-image-13058\" alt=\"\" srcset=\"https:\/\/www.protestantsmulhouse.fr\/wp-content\/uploads\/2026\/04\/Geneve-1024x576.jpg 1024w, https:\/\/www.protestantsmulhouse.fr\/wp-content\/uploads\/2026\/04\/Geneve-300x169.jpg 300w, https:\/\/www.protestantsmulhouse.fr\/wp-content\/uploads\/2026\/04\/Geneve-768x432.jpg 768w, https:\/\/www.protestantsmulhouse.fr\/wp-content\/uploads\/2026\/04\/Geneve-1536x864.jpg 1536w, https:\/\/www.protestantsmulhouse.fr\/wp-content\/uploads\/2026\/04\/Geneve-18x10.jpg 18w, https:\/\/www.protestantsmulhouse.fr\/wp-content\/uploads\/2026\/04\/Geneve-958x539.jpg 958w, https:\/\/www.protestantsmulhouse.fr\/wp-content\/uploads\/2026\/04\/Geneve.jpg 1920w\" sizes=\"(max-width: 680px) 100vw, 680px\" \/>\t\t\t\t\t\t\t\t\t\t\t\t\t\t\t<\/div>\n\t\t\t\t<\/div>\n\t\t\t\t<div class=\"elementor-element elementor-element-3bdec91 elementor-widget elementor-widget-heading\" data-id=\"3bdec91\" data-element_type=\"widget\" data-e-type=\"widget\" data-widget_type=\"heading.default\">\n\t\t\t\t<div class=\"elementor-widget-container\">\n\t\t\t\t\t<h1 class=\"elementor-heading-title elementor-size-default\">S\u00e9jour interg\u00e9n\u00e9rationnel\nCat\u00e9chisme et Paroissiens<br>Paroisses d'Illzach Jeune-Bois, Riedisheim-Rixheim et Dynamique Mulhousienne<\/h1>\t\t\t\t<\/div>\n\t\t\t\t<\/div>\n\t\t\t\t<div class=\"elementor-element elementor-element-20395c5 elementor-widget elementor-widget-text-editor\" data-id=\"20395c5\" data-element_type=\"widget\" data-e-type=\"widget\" data-widget_type=\"text-editor.default\">\n\t\t\t\t<div class=\"elementor-widget-container\">\n\t\t\t\t\t\t\t\t\t<p style=\"text-align: center;\">\u00a0<\/p><p style=\"text-align: center;\">11 cat\u00e9chum\u00e8nes, 6 paroissiennes et 3 pasteurs sont partis \u00e0 la d\u00e9couverte du Gen\u00e8ve Protestant.\u00a0<\/p><p style=\"text-align: center;\">D\u00e9part le dimanche 12 avril apr\u00e8s le culte et un repas tir\u00e9 des sacs.<\/p><p style=\"text-align: center;\">5 heures de route pour rejoindre notre lieu de s\u00e9jour, le Centre de Vacances La Source \u00e0 Thollon-Les-Memises.<\/p><p style=\"text-align: center;\">Le lundi nous sommes partis \u00e0 Gen\u00e8ve pour la visite du<br \/>Mus\u00e9e International de la R\u00e9forme \u00e0 Gen\u00e8ve<br \/>ainsi que la cath\u00e9drale.<\/p><p style=\"text-align: center;\">\u00a0<\/p>\t\t\t\t\t\t\t\t<\/div>\n\t\t\t\t<\/div>\n\t\t\t\t<div class=\"elementor-element elementor-element-e8e5640 elementor-widget elementor-widget-gallery\" data-id=\"e8e5640\" data-element_type=\"widget\" data-e-type=\"widget\" data-settings=\"{&quot;lazyload&quot;:&quot;yes&quot;,&quot;gallery_layout&quot;:&quot;grid&quot;,&quot;columns&quot;:4,&quot;columns_tablet&quot;:2,&quot;columns_mobile&quot;:1,&quot;gap&quot;:{&quot;unit&quot;:&quot;px&quot;,&quot;size&quot;:10,&quot;sizes&quot;:[]},&quot;gap_tablet&quot;:{&quot;unit&quot;:&quot;px&quot;,&quot;size&quot;:10,&quot;sizes&quot;:[]},&quot;gap_mobile&quot;:{&quot;unit&quot;:&quot;px&quot;,&quot;size&quot;:10,&quot;sizes&quot;:[]},&quot;link_to&quot;:&quot;file&quot;,&quot;aspect_ratio&quot;:&quot;3:2&quot;,&quot;overlay_background&quot;:&quot;yes&quot;,&quot;content_hover_animation&quot;:&quot;fade-in&quot;}\" data-widget_type=\"gallery.default\">\n\t\t\t\t<div class=\"elementor-widget-container\">\n\t\t\t\t\t\t\t<div class=\"elementor-gallery__container\">\n\t\t\t\t\t\t\t<a class=\"e-gallery-item elementor-gallery-item elementor-animated-content\" href=\"https:\/\/www.protestantsmulhouse.fr\/wp-content\/uploads\/2026\/04\/Foto-13.04.26-12-37-15-1-scaled.jpg\" data-elementor-open-lightbox=\"yes\" data-elementor-lightbox-slideshow=\"e8e5640\" data-elementor-lightbox-title=\"Mus\u00e9e International de la R\u00e9forme\" data-e-action-hash=\"#elementor-action%3Aaction%3Dlightbox%26settings%3DeyJpZCI6MTQxNjIsInVybCI6Imh0dHBzOlwvXC93d3cucHJvdGVzdGFudHNtdWxob3VzZS5mclwvd3AtY29udGVudFwvdXBsb2Fkc1wvMjAyNlwvMDRcL0ZvdG8tMTMuMDQuMjYtMTItMzctMTUtMS1zY2FsZWQuanBnIiwic2xpZGVzaG93IjoiZThlNTY0MCJ9\">\n\t\t\t\t\t<div class=\"e-gallery-image elementor-gallery-item__image\" data-thumbnail=\"https:\/\/www.protestantsmulhouse.fr\/wp-content\/uploads\/2026\/04\/Foto-13.04.26-12-37-15-1-300x225.jpg\" data-width=\"300\" data-height=\"225\" aria-label=\"\" role=\"img\" ><\/div>\n\t\t\t\t\t\t\t\t\t\t\t<div class=\"elementor-gallery-item__overlay\"><\/div>\n\t\t\t\t\t\t\t\t\t\t\t\t\t\t<\/a>\n\t\t\t\t\t\t\t<a class=\"e-gallery-item elementor-gallery-item elementor-animated-content\" href=\"https:\/\/www.protestantsmulhouse.fr\/wp-content\/uploads\/2026\/04\/Foto-13.04.26-11-13-25-scaled.jpg\" data-elementor-open-lightbox=\"yes\" data-elementor-lightbox-slideshow=\"e8e5640\" data-elementor-lightbox-title=\"Visite guid\u00e9e\" data-e-action-hash=\"#elementor-action%3Aaction%3Dlightbox%26settings%3DeyJpZCI6MTQxNTQsInVybCI6Imh0dHBzOlwvXC93d3cucHJvdGVzdGFudHNtdWxob3VzZS5mclwvd3AtY29udGVudFwvdXBsb2Fkc1wvMjAyNlwvMDRcL0ZvdG8tMTMuMDQuMjYtMTEtMTMtMjUtc2NhbGVkLmpwZyIsInNsaWRlc2hvdyI6ImU4ZTU2NDAifQ%3D%3D\">\n\t\t\t\t\t<div class=\"e-gallery-image elementor-gallery-item__image\" data-thumbnail=\"https:\/\/www.protestantsmulhouse.fr\/wp-content\/uploads\/2026\/04\/Foto-13.04.26-11-13-25-300x225.jpg\" data-width=\"300\" data-height=\"225\" aria-label=\"\" role=\"img\" ><\/div>\n\t\t\t\t\t\t\t\t\t\t\t<div class=\"elementor-gallery-item__overlay\"><\/div>\n\t\t\t\t\t\t\t\t\t\t\t\t\t\t<\/a>\n\t\t\t\t\t\t\t<a class=\"e-gallery-item elementor-gallery-item elementor-animated-content\" href=\"https:\/\/www.protestantsmulhouse.fr\/wp-content\/uploads\/2026\/04\/Foto-13.04.26-11-14-57-scaled.jpg\" data-elementor-open-lightbox=\"yes\" data-elementor-lightbox-slideshow=\"e8e5640\" data-elementor-lightbox-title=\"R\u00e9formateurs\" data-e-action-hash=\"#elementor-action%3Aaction%3Dlightbox%26settings%3DeyJpZCI6MTQxNTUsInVybCI6Imh0dHBzOlwvXC93d3cucHJvdGVzdGFudHNtdWxob3VzZS5mclwvd3AtY29udGVudFwvdXBsb2Fkc1wvMjAyNlwvMDRcL0ZvdG8tMTMuMDQuMjYtMTEtMTQtNTctc2NhbGVkLmpwZyIsInNsaWRlc2hvdyI6ImU4ZTU2NDAifQ%3D%3D\">\n\t\t\t\t\t<div class=\"e-gallery-image elementor-gallery-item__image\" data-thumbnail=\"https:\/\/www.protestantsmulhouse.fr\/wp-content\/uploads\/2026\/04\/Foto-13.04.26-11-14-57-300x225.jpg\" data-width=\"300\" data-height=\"225\" aria-label=\"\" role=\"img\" ><\/div>\n\t\t\t\t\t\t\t\t\t\t\t<div class=\"elementor-gallery-item__overlay\"><\/div>\n\t\t\t\t\t\t\t\t\t\t\t\t\t\t<\/a>\n\t\t\t\t\t\t\t<a class=\"e-gallery-item elementor-gallery-item elementor-animated-content\" href=\"https:\/\/www.protestantsmulhouse.fr\/wp-content\/uploads\/2026\/04\/Foto-13.04.26-11-25-20-scaled.jpg\" data-elementor-open-lightbox=\"yes\" data-elementor-lightbox-slideshow=\"e8e5640\" data-elementor-lightbox-title=\"Conseil\" data-e-action-hash=\"#elementor-action%3Aaction%3Dlightbox%26settings%3DeyJpZCI6MTQxNTYsInVybCI6Imh0dHBzOlwvXC93d3cucHJvdGVzdGFudHNtdWxob3VzZS5mclwvd3AtY29udGVudFwvdXBsb2Fkc1wvMjAyNlwvMDRcL0ZvdG8tMTMuMDQuMjYtMTEtMjUtMjAtc2NhbGVkLmpwZyIsInNsaWRlc2hvdyI6ImU4ZTU2NDAifQ%3D%3D\">\n\t\t\t\t\t<div class=\"e-gallery-image elementor-gallery-item__image\" data-thumbnail=\"https:\/\/www.protestantsmulhouse.fr\/wp-content\/uploads\/2026\/04\/Foto-13.04.26-11-25-20-225x300.jpg\" data-width=\"225\" data-height=\"300\" aria-label=\"\" role=\"img\" ><\/div>\n\t\t\t\t\t\t\t\t\t\t\t<div class=\"elementor-gallery-item__overlay\"><\/div>\n\t\t\t\t\t\t\t\t\t\t\t\t\t\t<\/a>\n\t\t\t\t\t\t\t<a class=\"e-gallery-item elementor-gallery-item elementor-animated-content\" href=\"https:\/\/www.protestantsmulhouse.fr\/wp-content\/uploads\/2026\/04\/Foto-13.04.26-12-13-29-scaled.jpg\" data-elementor-open-lightbox=\"yes\" data-elementor-lightbox-slideshow=\"e8e5640\" data-elementor-lightbox-title=\"Protestant\" data-e-action-hash=\"#elementor-action%3Aaction%3Dlightbox%26settings%3DeyJpZCI6MTQxNTcsInVybCI6Imh0dHBzOlwvXC93d3cucHJvdGVzdGFudHNtdWxob3VzZS5mclwvd3AtY29udGVudFwvdXBsb2Fkc1wvMjAyNlwvMDRcL0ZvdG8tMTMuMDQuMjYtMTItMTMtMjktc2NhbGVkLmpwZyIsInNsaWRlc2hvdyI6ImU4ZTU2NDAifQ%3D%3D\">\n\t\t\t\t\t<div class=\"e-gallery-image elementor-gallery-item__image\" data-thumbnail=\"https:\/\/www.protestantsmulhouse.fr\/wp-content\/uploads\/2026\/04\/Foto-13.04.26-12-13-29-225x300.jpg\" data-width=\"225\" data-height=\"300\" aria-label=\"\" role=\"img\" ><\/div>\n\t\t\t\t\t\t\t\t\t\t\t<div class=\"elementor-gallery-item__overlay\"><\/div>\n\t\t\t\t\t\t\t\t\t\t\t\t\t\t<\/a>\n\t\t\t\t\t\t\t<a class=\"e-gallery-item elementor-gallery-item elementor-animated-content\" href=\"https:\/\/www.protestantsmulhouse.fr\/wp-content\/uploads\/2026\/04\/Foto-13.04.26-12-36-48-scaled.jpg\" data-elementor-open-lightbox=\"yes\" data-elementor-lightbox-slideshow=\"e8e5640\" data-elementor-lightbox-title=\"Foto 13.04.26, 12 36 48\" data-e-action-hash=\"#elementor-action%3Aaction%3Dlightbox%26settings%3DeyJpZCI6MTQxNTgsInVybCI6Imh0dHBzOlwvXC93d3cucHJvdGVzdGFudHNtdWxob3VzZS5mclwvd3AtY29udGVudFwvdXBsb2Fkc1wvMjAyNlwvMDRcL0ZvdG8tMTMuMDQuMjYtMTItMzYtNDgtc2NhbGVkLmpwZyIsInNsaWRlc2hvdyI6ImU4ZTU2NDAifQ%3D%3D\">\n\t\t\t\t\t<div class=\"e-gallery-image elementor-gallery-item__image\" data-thumbnail=\"https:\/\/www.protestantsmulhouse.fr\/wp-content\/uploads\/2026\/04\/Foto-13.04.26-12-36-48-300x225.jpg\" data-width=\"300\" data-height=\"225\" aria-label=\"\" role=\"img\" ><\/div>\n\t\t\t\t\t\t\t\t\t\t\t<div class=\"elementor-gallery-item__overlay\"><\/div>\n\t\t\t\t\t\t\t\t\t\t\t\t\t\t<\/a>\n\t\t\t\t\t\t\t<a class=\"e-gallery-item elementor-gallery-item elementor-animated-content\" href=\"https:\/\/www.protestantsmulhouse.fr\/wp-content\/uploads\/2026\/04\/Foto-13.04.26-12-37-04-scaled.jpg\" data-elementor-open-lightbox=\"yes\" data-elementor-lightbox-slideshow=\"e8e5640\" data-elementor-lightbox-title=\"Cath\u00e9drale\" data-e-action-hash=\"#elementor-action%3Aaction%3Dlightbox%26settings%3DeyJpZCI6MTQxNTksInVybCI6Imh0dHBzOlwvXC93d3cucHJvdGVzdGFudHNtdWxob3VzZS5mclwvd3AtY29udGVudFwvdXBsb2Fkc1wvMjAyNlwvMDRcL0ZvdG8tMTMuMDQuMjYtMTItMzctMDQtc2NhbGVkLmpwZyIsInNsaWRlc2hvdyI6ImU4ZTU2NDAifQ%3D%3D\">\n\t\t\t\t\t<div class=\"e-gallery-image elementor-gallery-item__image\" data-thumbnail=\"https:\/\/www.protestantsmulhouse.fr\/wp-content\/uploads\/2026\/04\/Foto-13.04.26-12-37-04-300x225.jpg\" data-width=\"300\" data-height=\"225\" aria-label=\"\" role=\"img\" ><\/div>\n\t\t\t\t\t\t\t\t\t\t\t<div class=\"elementor-gallery-item__overlay\"><\/div>\n\t\t\t\t\t\t\t\t\t\t\t\t\t\t<\/a>\n\t\t\t\t\t\t\t<a class=\"e-gallery-item elementor-gallery-item elementor-animated-content\" href=\"https:\/\/www.protestantsmulhouse.fr\/wp-content\/uploads\/2026\/04\/Foto-13.04.26-12-54-41-scaled.jpg\" data-elementor-open-lightbox=\"yes\" data-elementor-lightbox-slideshow=\"e8e5640\" data-elementor-lightbox-title=\"Rosace\" data-e-action-hash=\"#elementor-action%3Aaction%3Dlightbox%26settings%3DeyJpZCI6MTQxNjEsInVybCI6Imh0dHBzOlwvXC93d3cucHJvdGVzdGFudHNtdWxob3VzZS5mclwvd3AtY29udGVudFwvdXBsb2Fkc1wvMjAyNlwvMDRcL0ZvdG8tMTMuMDQuMjYtMTItNTQtNDEtc2NhbGVkLmpwZyIsInNsaWRlc2hvdyI6ImU4ZTU2NDAifQ%3D%3D\">\n\t\t\t\t\t<div class=\"e-gallery-image elementor-gallery-item__image\" data-thumbnail=\"https:\/\/www.protestantsmulhouse.fr\/wp-content\/uploads\/2026\/04\/Foto-13.04.26-12-54-41-225x300.jpg\" data-width=\"225\" data-height=\"300\" aria-label=\"\" role=\"img\" ><\/div>\n\t\t\t\t\t\t\t\t\t\t\t<div class=\"elementor-gallery-item__overlay\"><\/div>\n\t\t\t\t\t\t\t\t\t\t\t\t\t\t<\/a>\n\t\t\t\t\t\t\t<a class=\"e-gallery-item elementor-gallery-item elementor-animated-content\" href=\"https:\/\/www.protestantsmulhouse.fr\/wp-content\/uploads\/2026\/04\/Foto-13.04.26-12-55-07-scaled.jpg\" data-elementor-open-lightbox=\"yes\" data-elementor-lightbox-slideshow=\"e8e5640\" data-elementor-lightbox-title=\"Visite guid\u00e9e\" data-e-action-hash=\"#elementor-action%3Aaction%3Dlightbox%26settings%3DeyJpZCI6MTQxNjMsInVybCI6Imh0dHBzOlwvXC93d3cucHJvdGVzdGFudHNtdWxob3VzZS5mclwvd3AtY29udGVudFwvdXBsb2Fkc1wvMjAyNlwvMDRcL0ZvdG8tMTMuMDQuMjYtMTItNTUtMDctc2NhbGVkLmpwZyIsInNsaWRlc2hvdyI6ImU4ZTU2NDAifQ%3D%3D\">\n\t\t\t\t\t<div class=\"e-gallery-image elementor-gallery-item__image\" data-thumbnail=\"https:\/\/www.protestantsmulhouse.fr\/wp-content\/uploads\/2026\/04\/Foto-13.04.26-12-55-07-300x225.jpg\" data-width=\"300\" data-height=\"225\" aria-label=\"\" role=\"img\" ><\/div>\n\t\t\t\t\t\t\t\t\t\t\t<div class=\"elementor-gallery-item__overlay\"><\/div>\n\t\t\t\t\t\t\t\t\t\t\t\t\t\t<\/a>\n\t\t\t\t\t\t\t<a class=\"e-gallery-item elementor-gallery-item elementor-animated-content\" href=\"https:\/\/www.protestantsmulhouse.fr\/wp-content\/uploads\/2026\/04\/Foto-13.04.26-12-55-31-scaled.jpg\" data-elementor-open-lightbox=\"yes\" data-elementor-lightbox-slideshow=\"e8e5640\" data-elementor-lightbox-title=\"Cath\u00e9drale\" data-e-action-hash=\"#elementor-action%3Aaction%3Dlightbox%26settings%3DeyJpZCI6MTQxNjQsInVybCI6Imh0dHBzOlwvXC93d3cucHJvdGVzdGFudHNtdWxob3VzZS5mclwvd3AtY29udGVudFwvdXBsb2Fkc1wvMjAyNlwvMDRcL0ZvdG8tMTMuMDQuMjYtMTItNTUtMzEtc2NhbGVkLmpwZyIsInNsaWRlc2hvdyI6ImU4ZTU2NDAifQ%3D%3D\">\n\t\t\t\t\t<div class=\"e-gallery-image elementor-gallery-item__image\" data-thumbnail=\"https:\/\/www.protestantsmulhouse.fr\/wp-content\/uploads\/2026\/04\/Foto-13.04.26-12-55-31-225x300.jpg\" data-width=\"225\" data-height=\"300\" aria-label=\"\" role=\"img\" ><\/div>\n\t\t\t\t\t\t\t\t\t\t\t<div class=\"elementor-gallery-item__overlay\"><\/div>\n\t\t\t\t\t\t\t\t\t\t\t\t\t\t<\/a>\n\t\t\t\t\t\t\t<a class=\"e-gallery-item elementor-gallery-item elementor-animated-content\" href=\"https:\/\/www.protestantsmulhouse.fr\/wp-content\/uploads\/2026\/04\/Foto-13.04.26-13-13-14-scaled.jpg\" data-elementor-open-lightbox=\"yes\" data-elementor-lightbox-slideshow=\"e8e5640\" data-elementor-lightbox-title=\"Cath\u00e9drale\" data-e-action-hash=\"#elementor-action%3Aaction%3Dlightbox%26settings%3DeyJpZCI6MTQxNjUsInVybCI6Imh0dHBzOlwvXC93d3cucHJvdGVzdGFudHNtdWxob3VzZS5mclwvd3AtY29udGVudFwvdXBsb2Fkc1wvMjAyNlwvMDRcL0ZvdG8tMTMuMDQuMjYtMTMtMTMtMTQtc2NhbGVkLmpwZyIsInNsaWRlc2hvdyI6ImU4ZTU2NDAifQ%3D%3D\">\n\t\t\t\t\t<div class=\"e-gallery-image elementor-gallery-item__image\" data-thumbnail=\"https:\/\/www.protestantsmulhouse.fr\/wp-content\/uploads\/2026\/04\/Foto-13.04.26-13-13-14-225x300.jpg\" data-width=\"225\" data-height=\"300\" aria-label=\"\" role=\"img\" ><\/div>\n\t\t\t\t\t\t\t\t\t\t\t<div class=\"elementor-gallery-item__overlay\"><\/div>\n\t\t\t\t\t\t\t\t\t\t\t\t\t\t<\/a>\n\t\t\t\t\t\t\t<a class=\"e-gallery-item elementor-gallery-item elementor-animated-content\" href=\"https:\/\/www.protestantsmulhouse.fr\/wp-content\/uploads\/2026\/04\/Foto-13.04.26-13-18-49-scaled.jpg\" data-elementor-open-lightbox=\"yes\" data-elementor-lightbox-slideshow=\"e8e5640\" data-elementor-lightbox-title=\"Cath\u00e9drale\" data-e-action-hash=\"#elementor-action%3Aaction%3Dlightbox%26settings%3DeyJpZCI6MTQxNjYsInVybCI6Imh0dHBzOlwvXC93d3cucHJvdGVzdGFudHNtdWxob3VzZS5mclwvd3AtY29udGVudFwvdXBsb2Fkc1wvMjAyNlwvMDRcL0ZvdG8tMTMuMDQuMjYtMTMtMTgtNDktc2NhbGVkLmpwZyIsInNsaWRlc2hvdyI6ImU4ZTU2NDAifQ%3D%3D\">\n\t\t\t\t\t<div class=\"e-gallery-image elementor-gallery-item__image\" data-thumbnail=\"https:\/\/www.protestantsmulhouse.fr\/wp-content\/uploads\/2026\/04\/Foto-13.04.26-13-18-49-225x300.jpg\" data-width=\"225\" data-height=\"300\" aria-label=\"\" role=\"img\" ><\/div>\n\t\t\t\t\t\t\t\t\t\t\t<div class=\"elementor-gallery-item__overlay\"><\/div>\n\t\t\t\t\t\t\t\t\t\t\t\t\t\t<\/a>\n\t\t\t\t\t\t\t<a class=\"e-gallery-item elementor-gallery-item elementor-animated-content\" href=\"https:\/\/www.protestantsmulhouse.fr\/wp-content\/uploads\/2026\/04\/Foto-13.04.26-13-19-18-scaled.jpg\" data-elementor-open-lightbox=\"yes\" data-elementor-lightbox-slideshow=\"e8e5640\" data-elementor-lightbox-title=\"Cath\u00e9drale\" data-e-action-hash=\"#elementor-action%3Aaction%3Dlightbox%26settings%3DeyJpZCI6MTQxNjcsInVybCI6Imh0dHBzOlwvXC93d3cucHJvdGVzdGFudHNtdWxob3VzZS5mclwvd3AtY29udGVudFwvdXBsb2Fkc1wvMjAyNlwvMDRcL0ZvdG8tMTMuMDQuMjYtMTMtMTktMTgtc2NhbGVkLmpwZyIsInNsaWRlc2hvdyI6ImU4ZTU2NDAifQ%3D%3D\">\n\t\t\t\t\t<div class=\"e-gallery-image elementor-gallery-item__image\" data-thumbnail=\"https:\/\/www.protestantsmulhouse.fr\/wp-content\/uploads\/2026\/04\/Foto-13.04.26-13-19-18-225x300.jpg\" data-width=\"225\" data-height=\"300\" aria-label=\"\" role=\"img\" ><\/div>\n\t\t\t\t\t\t\t\t\t\t\t<div class=\"elementor-gallery-item__overlay\"><\/div>\n\t\t\t\t\t\t\t\t\t\t\t\t\t\t<\/a>\n\t\t\t\t\t\t\t<a class=\"e-gallery-item elementor-gallery-item elementor-animated-content\" href=\"https:\/\/www.protestantsmulhouse.fr\/wp-content\/uploads\/2026\/04\/Foto-13.04.26-15-26-29-scaled.jpg\" data-elementor-open-lightbox=\"yes\" data-elementor-lightbox-slideshow=\"e8e5640\" data-elementor-lightbox-title=\"Gen\u00e8ve\" data-e-action-hash=\"#elementor-action%3Aaction%3Dlightbox%26settings%3DeyJpZCI6MTQxNjgsInVybCI6Imh0dHBzOlwvXC93d3cucHJvdGVzdGFudHNtdWxob3VzZS5mclwvd3AtY29udGVudFwvdXBsb2Fkc1wvMjAyNlwvMDRcL0ZvdG8tMTMuMDQuMjYtMTUtMjYtMjktc2NhbGVkLmpwZyIsInNsaWRlc2hvdyI6ImU4ZTU2NDAifQ%3D%3D\">\n\t\t\t\t\t<div class=\"e-gallery-image elementor-gallery-item__image\" data-thumbnail=\"https:\/\/www.protestantsmulhouse.fr\/wp-content\/uploads\/2026\/04\/Foto-13.04.26-15-26-29-225x300.jpg\" data-width=\"225\" data-height=\"300\" aria-label=\"\" role=\"img\" ><\/div>\n\t\t\t\t\t\t\t\t\t\t\t<div class=\"elementor-gallery-item__overlay\"><\/div>\n\t\t\t\t\t\t\t\t\t\t\t\t\t\t<\/a>\n\t\t\t\t\t<\/div>\n\t\t\t\t\t<\/div>\n\t\t\t\t<\/div>\n\t\t\t\t<div class=\"elementor-element elementor-element-f1b071d elementor-widget elementor-widget-text-editor\" data-id=\"f1b071d\" data-element_type=\"widget\" data-e-type=\"widget\" data-widget_type=\"text-editor.default\">\n\t\t\t\t<div class=\"elementor-widget-container\">\n\t\t\t\t\t\t\t\t\t<p style=\"text-align: center;\">\u00a0<\/p><p style=\"text-align: center;\">Apr\u00e8s une pique-nique,\u00a0<br \/>quatres groupes sont partis \u00e0 l&#8217;assaut de la ville \u00e0 travers un jeu de piste.<\/p>\t\t\t\t\t\t\t\t<\/div>\n\t\t\t\t<\/div>\n\t\t\t\t<div class=\"elementor-element elementor-element-4d0061f elementor-widget elementor-widget-gallery\" data-id=\"4d0061f\" data-element_type=\"widget\" data-e-type=\"widget\" data-settings=\"{&quot;columns&quot;:3,&quot;gap&quot;:{&quot;unit&quot;:&quot;px&quot;,&quot;size&quot;:0,&quot;sizes&quot;:[]},&quot;lazyload&quot;:&quot;yes&quot;,&quot;gallery_layout&quot;:&quot;grid&quot;,&quot;columns_tablet&quot;:2,&quot;columns_mobile&quot;:1,&quot;gap_tablet&quot;:{&quot;unit&quot;:&quot;px&quot;,&quot;size&quot;:10,&quot;sizes&quot;:[]},&quot;gap_mobile&quot;:{&quot;unit&quot;:&quot;px&quot;,&quot;size&quot;:10,&quot;sizes&quot;:[]},&quot;link_to&quot;:&quot;file&quot;,&quot;aspect_ratio&quot;:&quot;3:2&quot;,&quot;overlay_background&quot;:&quot;yes&quot;,&quot;content_hover_animation&quot;:&quot;fade-in&quot;}\" data-widget_type=\"gallery.default\">\n\t\t\t\t<div class=\"elementor-widget-container\">\n\t\t\t\t\t\t\t<div class=\"elementor-gallery__container\">\n\t\t\t\t\t\t\t<a class=\"e-gallery-item elementor-gallery-item elementor-animated-content\" href=\"https:\/\/www.protestantsmulhouse.fr\/wp-content\/uploads\/2026\/04\/260413-G1-College-Calvin.jpeg\" data-elementor-open-lightbox=\"yes\" data-elementor-lightbox-slideshow=\"4d0061f\" data-elementor-lightbox-title=\"260413 G1 Colle\u0300ge Calvin\" data-e-action-hash=\"#elementor-action%3Aaction%3Dlightbox%26settings%3DeyJpZCI6MTI5NzUsInVybCI6Imh0dHBzOlwvXC93d3cucHJvdGVzdGFudHNtdWxob3VzZS5mclwvd3AtY29udGVudFwvdXBsb2Fkc1wvMjAyNlwvMDRcLzI2MDQxMy1HMS1Db2xsZWdlLUNhbHZpbi5qcGVnIiwic2xpZGVzaG93IjoiNGQwMDYxZiJ9\">\n\t\t\t\t\t<div class=\"e-gallery-image elementor-gallery-item__image\" data-thumbnail=\"https:\/\/www.protestantsmulhouse.fr\/wp-content\/uploads\/2026\/04\/260413-G1-College-Calvin-169x300.jpeg\" data-width=\"169\" data-height=\"300\" aria-label=\"\" role=\"img\" ><\/div>\n\t\t\t\t\t\t\t\t\t\t\t<div class=\"elementor-gallery-item__overlay\"><\/div>\n\t\t\t\t\t\t\t\t\t\t\t\t\t\t<\/a>\n\t\t\t\t\t\t\t<a class=\"e-gallery-item elementor-gallery-item elementor-animated-content\" href=\"https:\/\/www.protestantsmulhouse.fr\/wp-content\/uploads\/2026\/04\/260413-G1-Labor-Fides.jpeg\" data-elementor-open-lightbox=\"yes\" data-elementor-lightbox-slideshow=\"4d0061f\" data-elementor-lightbox-title=\"260413 G1 Labor &amp; Fides\" data-e-action-hash=\"#elementor-action%3Aaction%3Dlightbox%26settings%3DeyJpZCI6MTI5NzYsInVybCI6Imh0dHBzOlwvXC93d3cucHJvdGVzdGFudHNtdWxob3VzZS5mclwvd3AtY29udGVudFwvdXBsb2Fkc1wvMjAyNlwvMDRcLzI2MDQxMy1HMS1MYWJvci1GaWRlcy5qcGVnIiwic2xpZGVzaG93IjoiNGQwMDYxZiJ9\">\n\t\t\t\t\t<div class=\"e-gallery-image elementor-gallery-item__image\" data-thumbnail=\"https:\/\/www.protestantsmulhouse.fr\/wp-content\/uploads\/2026\/04\/260413-G1-Labor-Fides-169x300.jpeg\" data-width=\"169\" data-height=\"300\" aria-label=\"\" role=\"img\" ><\/div>\n\t\t\t\t\t\t\t\t\t\t\t<div class=\"elementor-gallery-item__overlay\"><\/div>\n\t\t\t\t\t\t\t\t\t\t\t\t\t\t<\/a>\n\t\t\t\t\t\t\t<a class=\"e-gallery-item elementor-gallery-item elementor-animated-content\" href=\"https:\/\/www.protestantsmulhouse.fr\/wp-content\/uploads\/2026\/04\/260413-G1-Maison-Tavel-Maquette.jpeg\" data-elementor-open-lightbox=\"yes\" data-elementor-lightbox-slideshow=\"4d0061f\" data-elementor-lightbox-title=\"260413 G1 Maison Tavel-Maquette\" data-e-action-hash=\"#elementor-action%3Aaction%3Dlightbox%26settings%3DeyJpZCI6MTI5NzcsInVybCI6Imh0dHBzOlwvXC93d3cucHJvdGVzdGFudHNtdWxob3VzZS5mclwvd3AtY29udGVudFwvdXBsb2Fkc1wvMjAyNlwvMDRcLzI2MDQxMy1HMS1NYWlzb24tVGF2ZWwtTWFxdWV0dGUuanBlZyIsInNsaWRlc2hvdyI6IjRkMDA2MWYifQ%3D%3D\">\n\t\t\t\t\t<div class=\"e-gallery-image elementor-gallery-item__image\" data-thumbnail=\"https:\/\/www.protestantsmulhouse.fr\/wp-content\/uploads\/2026\/04\/260413-G1-Maison-Tavel-Maquette-300x168.jpeg\" data-width=\"300\" data-height=\"168\" aria-label=\"\" role=\"img\" ><\/div>\n\t\t\t\t\t\t\t\t\t\t\t<div class=\"elementor-gallery-item__overlay\"><\/div>\n\t\t\t\t\t\t\t\t\t\t\t\t\t\t<\/a>\n\t\t\t\t\t\t\t<a class=\"e-gallery-item elementor-gallery-item elementor-animated-content\" href=\"https:\/\/www.protestantsmulhouse.fr\/wp-content\/uploads\/2026\/04\/260413-G1-Maison-Tavel.jpeg\" data-elementor-open-lightbox=\"yes\" data-elementor-lightbox-slideshow=\"4d0061f\" data-elementor-lightbox-title=\"260413 G1 Maison Tavel\" data-e-action-hash=\"#elementor-action%3Aaction%3Dlightbox%26settings%3DeyJpZCI6MTI5NzgsInVybCI6Imh0dHBzOlwvXC93d3cucHJvdGVzdGFudHNtdWxob3VzZS5mclwvd3AtY29udGVudFwvdXBsb2Fkc1wvMjAyNlwvMDRcLzI2MDQxMy1HMS1NYWlzb24tVGF2ZWwuanBlZyIsInNsaWRlc2hvdyI6IjRkMDA2MWYifQ%3D%3D\">\n\t\t\t\t\t<div class=\"e-gallery-image elementor-gallery-item__image\" data-thumbnail=\"https:\/\/www.protestantsmulhouse.fr\/wp-content\/uploads\/2026\/04\/260413-G1-Maison-Tavel-169x300.jpeg\" data-width=\"169\" data-height=\"300\" aria-label=\"\" role=\"img\" ><\/div>\n\t\t\t\t\t\t\t\t\t\t\t<div class=\"elementor-gallery-item__overlay\"><\/div>\n\t\t\t\t\t\t\t\t\t\t\t\t\t\t<\/a>\n\t\t\t\t\t\t\t<a class=\"e-gallery-item elementor-gallery-item elementor-animated-content\" href=\"https:\/\/www.protestantsmulhouse.fr\/wp-content\/uploads\/2026\/04\/260413-G1-Servet.jpeg\" data-elementor-open-lightbox=\"yes\" data-elementor-lightbox-slideshow=\"4d0061f\" data-elementor-lightbox-title=\"260413 G1 Servet\" data-e-action-hash=\"#elementor-action%3Aaction%3Dlightbox%26settings%3DeyJpZCI6MTI5NzksInVybCI6Imh0dHBzOlwvXC93d3cucHJvdGVzdGFudHNtdWxob3VzZS5mclwvd3AtY29udGVudFwvdXBsb2Fkc1wvMjAyNlwvMDRcLzI2MDQxMy1HMS1TZXJ2ZXQuanBlZyIsInNsaWRlc2hvdyI6IjRkMDA2MWYifQ%3D%3D\">\n\t\t\t\t\t<div class=\"e-gallery-image elementor-gallery-item__image\" data-thumbnail=\"https:\/\/www.protestantsmulhouse.fr\/wp-content\/uploads\/2026\/04\/260413-G1-Servet-169x300.jpeg\" data-width=\"169\" data-height=\"300\" aria-label=\"\" role=\"img\" ><\/div>\n\t\t\t\t\t\t\t\t\t\t\t<div class=\"elementor-gallery-item__overlay\"><\/div>\n\t\t\t\t\t\t\t\t\t\t\t\t\t\t<\/a>\n\t\t\t\t\t\t\t<a class=\"e-gallery-item elementor-gallery-item elementor-animated-content\" href=\"https:\/\/www.protestantsmulhouse.fr\/wp-content\/uploads\/2026\/04\/260413-G1-Tombe-Calvin.jpeg\" data-elementor-open-lightbox=\"yes\" data-elementor-lightbox-slideshow=\"4d0061f\" data-elementor-lightbox-title=\"260413 G1 Tombe Calvin\" data-e-action-hash=\"#elementor-action%3Aaction%3Dlightbox%26settings%3DeyJpZCI6MTI5ODAsInVybCI6Imh0dHBzOlwvXC93d3cucHJvdGVzdGFudHNtdWxob3VzZS5mclwvd3AtY29udGVudFwvdXBsb2Fkc1wvMjAyNlwvMDRcLzI2MDQxMy1HMS1Ub21iZS1DYWx2aW4uanBlZyIsInNsaWRlc2hvdyI6IjRkMDA2MWYifQ%3D%3D\">\n\t\t\t\t\t<div class=\"e-gallery-image elementor-gallery-item__image\" data-thumbnail=\"https:\/\/www.protestantsmulhouse.fr\/wp-content\/uploads\/2026\/04\/260413-G1-Tombe-Calvin-169x300.jpeg\" data-width=\"169\" data-height=\"300\" aria-label=\"\" role=\"img\" ><\/div>\n\t\t\t\t\t\t\t\t\t\t\t<div class=\"elementor-gallery-item__overlay\"><\/div>\n\t\t\t\t\t\t\t\t\t\t\t\t\t\t<\/a>\n\t\t\t\t\t\t\t<a class=\"e-gallery-item elementor-gallery-item elementor-animated-content\" href=\"https:\/\/www.protestantsmulhouse.fr\/wp-content\/uploads\/2026\/04\/260413-G1-UNIGE.jpeg\" data-elementor-open-lightbox=\"yes\" data-elementor-lightbox-slideshow=\"4d0061f\" data-elementor-lightbox-title=\"260413 G1 UNIGE\" data-e-action-hash=\"#elementor-action%3Aaction%3Dlightbox%26settings%3DeyJpZCI6MTI5ODEsInVybCI6Imh0dHBzOlwvXC93d3cucHJvdGVzdGFudHNtdWxob3VzZS5mclwvd3AtY29udGVudFwvdXBsb2Fkc1wvMjAyNlwvMDRcLzI2MDQxMy1HMS1VTklHRS5qcGVnIiwic2xpZGVzaG93IjoiNGQwMDYxZiJ9\">\n\t\t\t\t\t<div class=\"e-gallery-image elementor-gallery-item__image\" data-thumbnail=\"https:\/\/www.protestantsmulhouse.fr\/wp-content\/uploads\/2026\/04\/260413-G1-UNIGE-225x300.jpeg\" data-width=\"225\" data-height=\"300\" aria-label=\"\" role=\"img\" ><\/div>\n\t\t\t\t\t\t\t\t\t\t\t<div class=\"elementor-gallery-item__overlay\"><\/div>\n\t\t\t\t\t\t\t\t\t\t\t\t\t\t<\/a>\n\t\t\t\t\t\t\t<a class=\"e-gallery-item elementor-gallery-item elementor-animated-content\" href=\"https:\/\/www.protestantsmulhouse.fr\/wp-content\/uploads\/2026\/04\/260413-G2-Audittoire-Calvin.jpeg\" data-elementor-open-lightbox=\"yes\" data-elementor-lightbox-slideshow=\"4d0061f\" data-elementor-lightbox-title=\"260413 G2 Audittoire Calvin\" data-e-action-hash=\"#elementor-action%3Aaction%3Dlightbox%26settings%3DeyJpZCI6MTI5ODIsInVybCI6Imh0dHBzOlwvXC93d3cucHJvdGVzdGFudHNtdWxob3VzZS5mclwvd3AtY29udGVudFwvdXBsb2Fkc1wvMjAyNlwvMDRcLzI2MDQxMy1HMi1BdWRpdHRvaXJlLUNhbHZpbi5qcGVnIiwic2xpZGVzaG93IjoiNGQwMDYxZiJ9\">\n\t\t\t\t\t<div class=\"e-gallery-image elementor-gallery-item__image\" data-thumbnail=\"https:\/\/www.protestantsmulhouse.fr\/wp-content\/uploads\/2026\/04\/260413-G2-Audittoire-Calvin-225x300.jpeg\" data-width=\"225\" data-height=\"300\" aria-label=\"\" role=\"img\" ><\/div>\n\t\t\t\t\t\t\t\t\t\t\t<div class=\"elementor-gallery-item__overlay\"><\/div>\n\t\t\t\t\t\t\t\t\t\t\t\t\t\t<\/a>\n\t\t\t\t\t\t\t<a class=\"e-gallery-item elementor-gallery-item elementor-animated-content\" href=\"https:\/\/www.protestantsmulhouse.fr\/wp-content\/uploads\/2026\/04\/260413-G2-College-Calvin.jpeg\" data-elementor-open-lightbox=\"yes\" data-elementor-lightbox-slideshow=\"4d0061f\" data-elementor-lightbox-title=\"260413 G2 Colle\u0300ge Calvin\" data-e-action-hash=\"#elementor-action%3Aaction%3Dlightbox%26settings%3DeyJpZCI6MTI5ODMsInVybCI6Imh0dHBzOlwvXC93d3cucHJvdGVzdGFudHNtdWxob3VzZS5mclwvd3AtY29udGVudFwvdXBsb2Fkc1wvMjAyNlwvMDRcLzI2MDQxMy1HMi1Db2xsZWdlLUNhbHZpbi5qcGVnIiwic2xpZGVzaG93IjoiNGQwMDYxZiJ9\">\n\t\t\t\t\t<div class=\"e-gallery-image elementor-gallery-item__image\" data-thumbnail=\"https:\/\/www.protestantsmulhouse.fr\/wp-content\/uploads\/2026\/04\/260413-G2-College-Calvin-225x300.jpeg\" data-width=\"225\" data-height=\"300\" aria-label=\"\" role=\"img\" ><\/div>\n\t\t\t\t\t\t\t\t\t\t\t<div class=\"elementor-gallery-item__overlay\"><\/div>\n\t\t\t\t\t\t\t\t\t\t\t\t\t\t<\/a>\n\t\t\t\t\t\t\t<a class=\"e-gallery-item elementor-gallery-item elementor-animated-content\" href=\"https:\/\/www.protestantsmulhouse.fr\/wp-content\/uploads\/2026\/04\/260413-G2-Labor-Fides.jpeg\" data-elementor-open-lightbox=\"yes\" data-elementor-lightbox-slideshow=\"4d0061f\" data-elementor-lightbox-title=\"260413 G2 Labor &amp; Fides\" data-e-action-hash=\"#elementor-action%3Aaction%3Dlightbox%26settings%3DeyJpZCI6MTI5ODQsInVybCI6Imh0dHBzOlwvXC93d3cucHJvdGVzdGFudHNtdWxob3VzZS5mclwvd3AtY29udGVudFwvdXBsb2Fkc1wvMjAyNlwvMDRcLzI2MDQxMy1HMi1MYWJvci1GaWRlcy5qcGVnIiwic2xpZGVzaG93IjoiNGQwMDYxZiJ9\">\n\t\t\t\t\t<div class=\"e-gallery-image elementor-gallery-item__image\" data-thumbnail=\"https:\/\/www.protestantsmulhouse.fr\/wp-content\/uploads\/2026\/04\/260413-G2-Labor-Fides-225x300.jpeg\" data-width=\"225\" data-height=\"300\" aria-label=\"\" role=\"img\" ><\/div>\n\t\t\t\t\t\t\t\t\t\t\t<div class=\"elementor-gallery-item__overlay\"><\/div>\n\t\t\t\t\t\t\t\t\t\t\t\t\t\t<\/a>\n\t\t\t\t\t\t\t<a class=\"e-gallery-item elementor-gallery-item elementor-animated-content\" href=\"https:\/\/www.protestantsmulhouse.fr\/wp-content\/uploads\/2026\/04\/260413-G2-Servet.jpeg\" data-elementor-open-lightbox=\"yes\" data-elementor-lightbox-slideshow=\"4d0061f\" data-elementor-lightbox-title=\"260413 G2 Servet\" data-e-action-hash=\"#elementor-action%3Aaction%3Dlightbox%26settings%3DeyJpZCI6MTI5ODUsInVybCI6Imh0dHBzOlwvXC93d3cucHJvdGVzdGFudHNtdWxob3VzZS5mclwvd3AtY29udGVudFwvdXBsb2Fkc1wvMjAyNlwvMDRcLzI2MDQxMy1HMi1TZXJ2ZXQuanBlZyIsInNsaWRlc2hvdyI6IjRkMDA2MWYifQ%3D%3D\">\n\t\t\t\t\t<div class=\"e-gallery-image elementor-gallery-item__image\" data-thumbnail=\"https:\/\/www.protestantsmulhouse.fr\/wp-content\/uploads\/2026\/04\/260413-G2-Servet-225x300.jpeg\" data-width=\"225\" data-height=\"300\" aria-label=\"\" role=\"img\" ><\/div>\n\t\t\t\t\t\t\t\t\t\t\t<div class=\"elementor-gallery-item__overlay\"><\/div>\n\t\t\t\t\t\t\t\t\t\t\t\t\t\t<\/a>\n\t\t\t\t\t\t\t<a class=\"e-gallery-item elementor-gallery-item elementor-animated-content\" href=\"https:\/\/www.protestantsmulhouse.fr\/wp-content\/uploads\/2026\/04\/260413-G2-St-Gervais.jpeg\" data-elementor-open-lightbox=\"yes\" data-elementor-lightbox-slideshow=\"4d0061f\" data-elementor-lightbox-title=\"260413 G2 St-Gervais\" data-e-action-hash=\"#elementor-action%3Aaction%3Dlightbox%26settings%3DeyJpZCI6MTI5ODYsInVybCI6Imh0dHBzOlwvXC93d3cucHJvdGVzdGFudHNtdWxob3VzZS5mclwvd3AtY29udGVudFwvdXBsb2Fkc1wvMjAyNlwvMDRcLzI2MDQxMy1HMi1TdC1HZXJ2YWlzLmpwZWciLCJzbGlkZXNob3ciOiI0ZDAwNjFmIn0%3D\">\n\t\t\t\t\t<div class=\"e-gallery-image elementor-gallery-item__image\" data-thumbnail=\"https:\/\/www.protestantsmulhouse.fr\/wp-content\/uploads\/2026\/04\/260413-G2-St-Gervais-225x300.jpeg\" data-width=\"225\" data-height=\"300\" aria-label=\"\" role=\"img\" ><\/div>\n\t\t\t\t\t\t\t\t\t\t\t<div class=\"elementor-gallery-item__overlay\"><\/div>\n\t\t\t\t\t\t\t\t\t\t\t\t\t\t<\/a>\n\t\t\t\t\t\t\t<a class=\"e-gallery-item elementor-gallery-item elementor-animated-content\" href=\"https:\/\/www.protestantsmulhouse.fr\/wp-content\/uploads\/2026\/04\/260413-G2-UNIGE-Bastion.jpeg\" data-elementor-open-lightbox=\"yes\" data-elementor-lightbox-slideshow=\"4d0061f\" data-elementor-lightbox-title=\"260413 G2 UNIGE Bastion\" data-e-action-hash=\"#elementor-action%3Aaction%3Dlightbox%26settings%3DeyJpZCI6MTI5ODcsInVybCI6Imh0dHBzOlwvXC93d3cucHJvdGVzdGFudHNtdWxob3VzZS5mclwvd3AtY29udGVudFwvdXBsb2Fkc1wvMjAyNlwvMDRcLzI2MDQxMy1HMi1VTklHRS1CYXN0aW9uLmpwZWciLCJzbGlkZXNob3ciOiI0ZDAwNjFmIn0%3D\">\n\t\t\t\t\t<div class=\"e-gallery-image elementor-gallery-item__image\" data-thumbnail=\"https:\/\/www.protestantsmulhouse.fr\/wp-content\/uploads\/2026\/04\/260413-G2-UNIGE-Bastion-225x300.jpeg\" data-width=\"225\" data-height=\"300\" aria-label=\"\" role=\"img\" ><\/div>\n\t\t\t\t\t\t\t\t\t\t\t<div class=\"elementor-gallery-item__overlay\"><\/div>\n\t\t\t\t\t\t\t\t\t\t\t\t\t\t<\/a>\n\t\t\t\t\t\t\t<a class=\"e-gallery-item elementor-gallery-item elementor-animated-content\" href=\"https:\/\/www.protestantsmulhouse.fr\/wp-content\/uploads\/2026\/04\/260413-GA1-Maison-Tavel-Maquette.jpeg\" data-elementor-open-lightbox=\"yes\" data-elementor-lightbox-slideshow=\"4d0061f\" data-elementor-lightbox-title=\"260413 GA1 Maison Tavel-Maquette\" data-e-action-hash=\"#elementor-action%3Aaction%3Dlightbox%26settings%3DeyJpZCI6MTI5ODgsInVybCI6Imh0dHBzOlwvXC93d3cucHJvdGVzdGFudHNtdWxob3VzZS5mclwvd3AtY29udGVudFwvdXBsb2Fkc1wvMjAyNlwvMDRcLzI2MDQxMy1HQTEtTWFpc29uLVRhdmVsLU1hcXVldHRlLmpwZWciLCJzbGlkZXNob3ciOiI0ZDAwNjFmIn0%3D\">\n\t\t\t\t\t<div class=\"e-gallery-image elementor-gallery-item__image\" data-thumbnail=\"https:\/\/www.protestantsmulhouse.fr\/wp-content\/uploads\/2026\/04\/260413-GA1-Maison-Tavel-Maquette-225x300.jpeg\" data-width=\"225\" data-height=\"300\" aria-label=\"\" role=\"img\" ><\/div>\n\t\t\t\t\t\t\t\t\t\t\t<div class=\"elementor-gallery-item__overlay\"><\/div>\n\t\t\t\t\t\t\t\t\t\t\t\t\t\t<\/a>\n\t\t\t\t\t\t\t<a class=\"e-gallery-item elementor-gallery-item elementor-animated-content\" href=\"https:\/\/www.protestantsmulhouse.fr\/wp-content\/uploads\/2026\/04\/260413-GA1-Maison-Tavel.jpeg\" data-elementor-open-lightbox=\"yes\" data-elementor-lightbox-slideshow=\"4d0061f\" data-elementor-lightbox-title=\"260413 GA1 Maison Tavel\" data-e-action-hash=\"#elementor-action%3Aaction%3Dlightbox%26settings%3DeyJpZCI6MTI5ODksInVybCI6Imh0dHBzOlwvXC93d3cucHJvdGVzdGFudHNtdWxob3VzZS5mclwvd3AtY29udGVudFwvdXBsb2Fkc1wvMjAyNlwvMDRcLzI2MDQxMy1HQTEtTWFpc29uLVRhdmVsLmpwZWciLCJzbGlkZXNob3ciOiI0ZDAwNjFmIn0%3D\">\n\t\t\t\t\t<div class=\"e-gallery-image elementor-gallery-item__image\" data-thumbnail=\"https:\/\/www.protestantsmulhouse.fr\/wp-content\/uploads\/2026\/04\/260413-GA1-Maison-Tavel-169x300.jpeg\" data-width=\"169\" data-height=\"300\" aria-label=\"\" role=\"img\" ><\/div>\n\t\t\t\t\t\t\t\t\t\t\t<div class=\"elementor-gallery-item__overlay\"><\/div>\n\t\t\t\t\t\t\t\t\t\t\t\t\t\t<\/a>\n\t\t\t\t\t\t\t<a class=\"e-gallery-item elementor-gallery-item elementor-animated-content\" href=\"https:\/\/www.protestantsmulhouse.fr\/wp-content\/uploads\/2026\/04\/260413-GA1-Tombe-Calvin.jpeg\" data-elementor-open-lightbox=\"yes\" data-elementor-lightbox-slideshow=\"4d0061f\" data-elementor-lightbox-title=\"260413 GA1 Tombe Calvin\" data-e-action-hash=\"#elementor-action%3Aaction%3Dlightbox%26settings%3DeyJpZCI6MTI5OTAsInVybCI6Imh0dHBzOlwvXC93d3cucHJvdGVzdGFudHNtdWxob3VzZS5mclwvd3AtY29udGVudFwvdXBsb2Fkc1wvMjAyNlwvMDRcLzI2MDQxMy1HQTEtVG9tYmUtQ2FsdmluLmpwZWciLCJzbGlkZXNob3ciOiI0ZDAwNjFmIn0%3D\">\n\t\t\t\t\t<div class=\"e-gallery-image elementor-gallery-item__image\" data-thumbnail=\"https:\/\/www.protestantsmulhouse.fr\/wp-content\/uploads\/2026\/04\/260413-GA1-Tombe-Calvin-300x169.jpeg\" data-width=\"300\" data-height=\"169\" aria-label=\"\" role=\"img\" ><\/div>\n\t\t\t\t\t\t\t\t\t\t\t<div class=\"elementor-gallery-item__overlay\"><\/div>\n\t\t\t\t\t\t\t\t\t\t\t\t\t\t<\/a>\n\t\t\t\t\t\t\t<a class=\"e-gallery-item elementor-gallery-item elementor-animated-content\" href=\"https:\/\/www.protestantsmulhouse.fr\/wp-content\/uploads\/2026\/04\/260413-GA2-St-Gervais-explication.jpeg\" data-elementor-open-lightbox=\"yes\" data-elementor-lightbox-slideshow=\"4d0061f\" data-elementor-lightbox-title=\"260413 GA2 St-Gervais-explication\" data-e-action-hash=\"#elementor-action%3Aaction%3Dlightbox%26settings%3DeyJpZCI6MTI5OTEsInVybCI6Imh0dHBzOlwvXC93d3cucHJvdGVzdGFudHNtdWxob3VzZS5mclwvd3AtY29udGVudFwvdXBsb2Fkc1wvMjAyNlwvMDRcLzI2MDQxMy1HQTItU3QtR2VydmFpcy1leHBsaWNhdGlvbi5qcGVnIiwic2xpZGVzaG93IjoiNGQwMDYxZiJ9\">\n\t\t\t\t\t<div class=\"e-gallery-image elementor-gallery-item__image\" data-thumbnail=\"https:\/\/www.protestantsmulhouse.fr\/wp-content\/uploads\/2026\/04\/260413-GA2-St-Gervais-explication-169x300.jpeg\" data-width=\"169\" data-height=\"300\" aria-label=\"\" role=\"img\" ><\/div>\n\t\t\t\t\t\t\t\t\t\t\t<div class=\"elementor-gallery-item__overlay\"><\/div>\n\t\t\t\t\t\t\t\t\t\t\t\t\t\t<\/a>\n\t\t\t\t\t\t\t<a class=\"e-gallery-item elementor-gallery-item elementor-animated-content\" href=\"https:\/\/www.protestantsmulhouse.fr\/wp-content\/uploads\/2026\/04\/Foto-13.04.26-15-47-06-1-scaled.jpg\" data-elementor-open-lightbox=\"yes\" data-elementor-lightbox-slideshow=\"4d0061f\" data-elementor-lightbox-title=\"Foto 13.04.26, 15 47 06\" data-e-action-hash=\"#elementor-action%3Aaction%3Dlightbox%26settings%3DeyJpZCI6MTQxODIsInVybCI6Imh0dHBzOlwvXC93d3cucHJvdGVzdGFudHNtdWxob3VzZS5mclwvd3AtY29udGVudFwvdXBsb2Fkc1wvMjAyNlwvMDRcL0ZvdG8tMTMuMDQuMjYtMTUtNDctMDYtMS1zY2FsZWQuanBnIiwic2xpZGVzaG93IjoiNGQwMDYxZiJ9\">\n\t\t\t\t\t<div class=\"e-gallery-image elementor-gallery-item__image\" data-thumbnail=\"https:\/\/www.protestantsmulhouse.fr\/wp-content\/uploads\/2026\/04\/Foto-13.04.26-15-47-06-1-300x225.jpg\" data-width=\"300\" data-height=\"225\" aria-label=\"\" role=\"img\" ><\/div>\n\t\t\t\t\t\t\t\t\t\t\t<div class=\"elementor-gallery-item__overlay\"><\/div>\n\t\t\t\t\t\t\t\t\t\t\t\t\t\t<\/a>\n\t\t\t\t\t\t\t<a class=\"e-gallery-item elementor-gallery-item elementor-animated-content\" href=\"https:\/\/www.protestantsmulhouse.fr\/wp-content\/uploads\/2026\/04\/260413-GA2-St-Gervais.jpeg\" data-elementor-open-lightbox=\"yes\" data-elementor-lightbox-slideshow=\"4d0061f\" data-elementor-lightbox-title=\"260413 GA2 St-Gervais\" data-e-action-hash=\"#elementor-action%3Aaction%3Dlightbox%26settings%3DeyJpZCI6MTI5OTIsInVybCI6Imh0dHBzOlwvXC93d3cucHJvdGVzdGFudHNtdWxob3VzZS5mclwvd3AtY29udGVudFwvdXBsb2Fkc1wvMjAyNlwvMDRcLzI2MDQxMy1HQTItU3QtR2VydmFpcy5qcGVnIiwic2xpZGVzaG93IjoiNGQwMDYxZiJ9\">\n\t\t\t\t\t<div class=\"e-gallery-image elementor-gallery-item__image\" data-thumbnail=\"https:\/\/www.protestantsmulhouse.fr\/wp-content\/uploads\/2026\/04\/260413-GA2-St-Gervais-300x225.jpeg\" data-width=\"300\" data-height=\"225\" aria-label=\"\" role=\"img\" ><\/div>\n\t\t\t\t\t\t\t\t\t\t\t<div class=\"elementor-gallery-item__overlay\"><\/div>\n\t\t\t\t\t\t\t\t\t\t\t\t\t\t<\/a>\n\t\t\t\t\t\t\t<a class=\"e-gallery-item elementor-gallery-item elementor-animated-content\" href=\"https:\/\/www.protestantsmulhouse.fr\/wp-content\/uploads\/2026\/04\/260413-GA2-Tour-Cathedrale.jpeg\" data-elementor-open-lightbox=\"yes\" data-elementor-lightbox-slideshow=\"4d0061f\" data-elementor-lightbox-title=\"260413 GA2 Tour Cathe\u0301drale\" data-e-action-hash=\"#elementor-action%3Aaction%3Dlightbox%26settings%3DeyJpZCI6MTI5OTMsInVybCI6Imh0dHBzOlwvXC93d3cucHJvdGVzdGFudHNtdWxob3VzZS5mclwvd3AtY29udGVudFwvdXBsb2Fkc1wvMjAyNlwvMDRcLzI2MDQxMy1HQTItVG91ci1DYXRoZWRyYWxlLmpwZWciLCJzbGlkZXNob3ciOiI0ZDAwNjFmIn0%3D\">\n\t\t\t\t\t<div class=\"e-gallery-image elementor-gallery-item__image\" data-thumbnail=\"https:\/\/www.protestantsmulhouse.fr\/wp-content\/uploads\/2026\/04\/260413-GA2-Tour-Cathedrale-300x225.jpeg\" data-width=\"300\" data-height=\"225\" aria-label=\"\" role=\"img\" ><\/div>\n\t\t\t\t\t\t\t\t\t\t\t<div class=\"elementor-gallery-item__overlay\"><\/div>\n\t\t\t\t\t\t\t\t\t\t\t\t\t\t<\/a>\n\t\t\t\t\t\t\t<a class=\"e-gallery-item elementor-gallery-item elementor-animated-content\" href=\"https:\/\/www.protestantsmulhouse.fr\/wp-content\/uploads\/2026\/04\/Foto-13.04.26-17-11-49-scaled.jpg\" data-elementor-open-lightbox=\"yes\" data-elementor-lightbox-slideshow=\"4d0061f\" data-elementor-lightbox-title=\"Foto 13.04.26, 17 11 49\" data-e-action-hash=\"#elementor-action%3Aaction%3Dlightbox%26settings%3DeyJpZCI6MTQxODcsInVybCI6Imh0dHBzOlwvXC93d3cucHJvdGVzdGFudHNtdWxob3VzZS5mclwvd3AtY29udGVudFwvdXBsb2Fkc1wvMjAyNlwvMDRcL0ZvdG8tMTMuMDQuMjYtMTctMTEtNDktc2NhbGVkLmpwZyIsInNsaWRlc2hvdyI6IjRkMDA2MWYifQ%3D%3D\">\n\t\t\t\t\t<div class=\"e-gallery-image elementor-gallery-item__image\" data-thumbnail=\"https:\/\/www.protestantsmulhouse.fr\/wp-content\/uploads\/2026\/04\/Foto-13.04.26-17-11-49-225x300.jpg\" data-width=\"225\" data-height=\"300\" aria-label=\"\" role=\"img\" ><\/div>\n\t\t\t\t\t\t\t\t\t\t\t<div class=\"elementor-gallery-item__overlay\"><\/div>\n\t\t\t\t\t\t\t\t\t\t\t\t\t\t<\/a>\n\t\t\t\t\t<\/div>\n\t\t\t\t\t<\/div>\n\t\t\t\t<\/div>\n\t\t\t\t<div class=\"elementor-element elementor-element-e19dc53 elementor-widget elementor-widget-text-editor\" data-id=\"e19dc53\" data-element_type=\"widget\" data-e-type=\"widget\" data-widget_type=\"text-editor.default\">\n\t\t\t\t<div class=\"elementor-widget-container\">\n\t\t\t\t\t\t\t\t\t<p style=\"text-align: center;\">\u00a0<\/p><p style=\"text-align: center;\">Pour d\u00e9jeuner, vu la pluie, nous avons \u00e9t\u00e9 accuillis dans un caf\u00e9 contre boisson :<br \/>https:\/\/www.instagram.com\/quarante_geneva\/<\/p><p style=\"text-align: center;\">Nous avons profit\u00e9 de la petite salle du fond pour pique niquer au chaud&#8230;\u00a0<\/p><p style=\"text-align: center;\">\u00a0<\/p><p style=\"text-align: center;\">Apr\u00e8s le jeu nous nous sommes tous retrouv\u00e9s <br \/>au pied du mur de la r\u00e9formation de Gen\u00e8ve<br \/>pour rentrer au Centre de Vacances La Source.<\/p><p style=\"text-align: center;\">\u00a0<\/p>\t\t\t\t\t\t\t\t<\/div>\n\t\t\t\t<\/div>\n\t\t\t\t<div class=\"elementor-element elementor-element-0e508f9 elementor-widget elementor-widget-gallery\" data-id=\"0e508f9\" data-element_type=\"widget\" data-e-type=\"widget\" data-settings=\"{&quot;columns&quot;:3,&quot;gap&quot;:{&quot;unit&quot;:&quot;px&quot;,&quot;size&quot;:0,&quot;sizes&quot;:[]},&quot;lazyload&quot;:&quot;yes&quot;,&quot;gallery_layout&quot;:&quot;grid&quot;,&quot;columns_tablet&quot;:2,&quot;columns_mobile&quot;:1,&quot;gap_tablet&quot;:{&quot;unit&quot;:&quot;px&quot;,&quot;size&quot;:10,&quot;sizes&quot;:[]},&quot;gap_mobile&quot;:{&quot;unit&quot;:&quot;px&quot;,&quot;size&quot;:10,&quot;sizes&quot;:[]},&quot;link_to&quot;:&quot;file&quot;,&quot;aspect_ratio&quot;:&quot;3:2&quot;,&quot;overlay_background&quot;:&quot;yes&quot;,&quot;content_hover_animation&quot;:&quot;fade-in&quot;}\" data-widget_type=\"gallery.default\">\n\t\t\t\t<div class=\"elementor-widget-container\">\n\t\t\t\t\t\t\t<div class=\"elementor-gallery__container\">\n\t\t\t\t\t\t\t<a class=\"e-gallery-item elementor-gallery-item elementor-animated-content\" href=\"https:\/\/www.protestantsmulhouse.fr\/wp-content\/uploads\/2026\/04\/260413-Restau-1.jpeg\" data-elementor-open-lightbox=\"yes\" data-elementor-lightbox-slideshow=\"0e508f9\" data-elementor-lightbox-title=\"260413 Restau 1\" data-e-action-hash=\"#elementor-action%3Aaction%3Dlightbox%26settings%3DeyJpZCI6MTMwMjAsInVybCI6Imh0dHBzOlwvXC93d3cucHJvdGVzdGFudHNtdWxob3VzZS5mclwvd3AtY29udGVudFwvdXBsb2Fkc1wvMjAyNlwvMDRcLzI2MDQxMy1SZXN0YXUtMS5qcGVnIiwic2xpZGVzaG93IjoiMGU1MDhmOSJ9\">\n\t\t\t\t\t<div class=\"e-gallery-image elementor-gallery-item__image\" data-thumbnail=\"https:\/\/www.protestantsmulhouse.fr\/wp-content\/uploads\/2026\/04\/260413-Restau-1-225x300.jpeg\" data-width=\"225\" data-height=\"300\" aria-label=\"\" role=\"img\" ><\/div>\n\t\t\t\t\t\t\t\t\t\t\t<div class=\"elementor-gallery-item__overlay\"><\/div>\n\t\t\t\t\t\t\t\t\t\t\t\t\t\t<\/a>\n\t\t\t\t\t\t\t<a class=\"e-gallery-item elementor-gallery-item elementor-animated-content\" href=\"https:\/\/www.protestantsmulhouse.fr\/wp-content\/uploads\/2026\/04\/260413-Restau-2.jpeg\" data-elementor-open-lightbox=\"yes\" data-elementor-lightbox-slideshow=\"0e508f9\" data-elementor-lightbox-title=\"260413 Restau 2\" data-e-action-hash=\"#elementor-action%3Aaction%3Dlightbox%26settings%3DeyJpZCI6MTMwMjEsInVybCI6Imh0dHBzOlwvXC93d3cucHJvdGVzdGFudHNtdWxob3VzZS5mclwvd3AtY29udGVudFwvdXBsb2Fkc1wvMjAyNlwvMDRcLzI2MDQxMy1SZXN0YXUtMi5qcGVnIiwic2xpZGVzaG93IjoiMGU1MDhmOSJ9\">\n\t\t\t\t\t<div class=\"e-gallery-image elementor-gallery-item__image\" data-thumbnail=\"https:\/\/www.protestantsmulhouse.fr\/wp-content\/uploads\/2026\/04\/260413-Restau-2-225x300.jpeg\" data-width=\"225\" data-height=\"300\" aria-label=\"\" role=\"img\" ><\/div>\n\t\t\t\t\t\t\t\t\t\t\t<div class=\"elementor-gallery-item__overlay\"><\/div>\n\t\t\t\t\t\t\t\t\t\t\t\t\t\t<\/a>\n\t\t\t\t\t\t\t<a class=\"e-gallery-item elementor-gallery-item elementor-animated-content\" href=\"https:\/\/www.protestantsmulhouse.fr\/wp-content\/uploads\/2026\/04\/260413-Restau-5.jpeg\" data-elementor-open-lightbox=\"yes\" data-elementor-lightbox-slideshow=\"0e508f9\" data-elementor-lightbox-title=\"260413 Restau 5\" data-e-action-hash=\"#elementor-action%3Aaction%3Dlightbox%26settings%3DeyJpZCI6MTMwMjQsInVybCI6Imh0dHBzOlwvXC93d3cucHJvdGVzdGFudHNtdWxob3VzZS5mclwvd3AtY29udGVudFwvdXBsb2Fkc1wvMjAyNlwvMDRcLzI2MDQxMy1SZXN0YXUtNS5qcGVnIiwic2xpZGVzaG93IjoiMGU1MDhmOSJ9\">\n\t\t\t\t\t<div class=\"e-gallery-image elementor-gallery-item__image\" data-thumbnail=\"https:\/\/www.protestantsmulhouse.fr\/wp-content\/uploads\/2026\/04\/260413-Restau-5-300x225.jpeg\" data-width=\"300\" data-height=\"225\" aria-label=\"\" role=\"img\" ><\/div>\n\t\t\t\t\t\t\t\t\t\t\t<div class=\"elementor-gallery-item__overlay\"><\/div>\n\t\t\t\t\t\t\t\t\t\t\t\t\t\t<\/a>\n\t\t\t\t\t\t\t<a class=\"e-gallery-item elementor-gallery-item elementor-animated-content\" href=\"https:\/\/www.protestantsmulhouse.fr\/wp-content\/uploads\/2026\/04\/260413-Restau-3.jpeg\" data-elementor-open-lightbox=\"yes\" data-elementor-lightbox-slideshow=\"0e508f9\" data-elementor-lightbox-title=\"260413 Restau 3\" data-e-action-hash=\"#elementor-action%3Aaction%3Dlightbox%26settings%3DeyJpZCI6MTMwMjIsInVybCI6Imh0dHBzOlwvXC93d3cucHJvdGVzdGFudHNtdWxob3VzZS5mclwvd3AtY29udGVudFwvdXBsb2Fkc1wvMjAyNlwvMDRcLzI2MDQxMy1SZXN0YXUtMy5qcGVnIiwic2xpZGVzaG93IjoiMGU1MDhmOSJ9\">\n\t\t\t\t\t<div class=\"e-gallery-image elementor-gallery-item__image\" data-thumbnail=\"https:\/\/www.protestantsmulhouse.fr\/wp-content\/uploads\/2026\/04\/260413-Restau-3-225x300.jpeg\" data-width=\"225\" data-height=\"300\" aria-label=\"\" role=\"img\" ><\/div>\n\t\t\t\t\t\t\t\t\t\t\t<div class=\"elementor-gallery-item__overlay\"><\/div>\n\t\t\t\t\t\t\t\t\t\t\t\t\t\t<\/a>\n\t\t\t\t\t\t\t<a class=\"e-gallery-item elementor-gallery-item elementor-animated-content\" href=\"https:\/\/www.protestantsmulhouse.fr\/wp-content\/uploads\/2026\/04\/260413-Restau-4.jpeg\" data-elementor-open-lightbox=\"yes\" data-elementor-lightbox-slideshow=\"0e508f9\" data-elementor-lightbox-title=\"260413 Restau 4\" data-e-action-hash=\"#elementor-action%3Aaction%3Dlightbox%26settings%3DeyJpZCI6MTMwMjMsInVybCI6Imh0dHBzOlwvXC93d3cucHJvdGVzdGFudHNtdWxob3VzZS5mclwvd3AtY29udGVudFwvdXBsb2Fkc1wvMjAyNlwvMDRcLzI2MDQxMy1SZXN0YXUtNC5qcGVnIiwic2xpZGVzaG93IjoiMGU1MDhmOSJ9\">\n\t\t\t\t\t<div class=\"e-gallery-image elementor-gallery-item__image\" data-thumbnail=\"https:\/\/www.protestantsmulhouse.fr\/wp-content\/uploads\/2026\/04\/260413-Restau-4-225x300.jpeg\" data-width=\"225\" data-height=\"300\" aria-label=\"\" role=\"img\" ><\/div>\n\t\t\t\t\t\t\t\t\t\t\t<div class=\"elementor-gallery-item__overlay\"><\/div>\n\t\t\t\t\t\t\t\t\t\t\t\t\t\t<\/a>\n\t\t\t\t\t\t\t<a class=\"e-gallery-item elementor-gallery-item elementor-animated-content\" href=\"https:\/\/www.protestantsmulhouse.fr\/wp-content\/uploads\/2026\/04\/260413-Geneve-scaled.jpeg\" data-elementor-open-lightbox=\"yes\" data-elementor-lightbox-slideshow=\"0e508f9\" data-elementor-lightbox-title=\"260413 Gene\u0300ve\" data-e-action-hash=\"#elementor-action%3Aaction%3Dlightbox%26settings%3DeyJpZCI6MTI5OTgsInVybCI6Imh0dHBzOlwvXC93d3cucHJvdGVzdGFudHNtdWxob3VzZS5mclwvd3AtY29udGVudFwvdXBsb2Fkc1wvMjAyNlwvMDRcLzI2MDQxMy1HZW5ldmUtc2NhbGVkLmpwZWciLCJzbGlkZXNob3ciOiIwZTUwOGY5In0%3D\">\n\t\t\t\t\t<div class=\"e-gallery-image elementor-gallery-item__image\" data-thumbnail=\"https:\/\/www.protestantsmulhouse.fr\/wp-content\/uploads\/2026\/04\/260413-Geneve-300x225.jpeg\" data-width=\"300\" data-height=\"225\" aria-label=\"\" role=\"img\" ><\/div>\n\t\t\t\t\t\t\t\t\t\t\t<div class=\"elementor-gallery-item__overlay\"><\/div>\n\t\t\t\t\t\t\t\t\t\t\t\t\t\t<\/a>\n\t\t\t\t\t\t\t<a class=\"e-gallery-item elementor-gallery-item elementor-animated-content\" href=\"https:\/\/www.protestantsmulhouse.fr\/wp-content\/uploads\/2026\/04\/260413-Labor-Fides.jpeg\" data-elementor-open-lightbox=\"yes\" data-elementor-lightbox-slideshow=\"0e508f9\" data-elementor-lightbox-title=\"260413 Labor &amp; Fides\" data-e-action-hash=\"#elementor-action%3Aaction%3Dlightbox%26settings%3DeyJpZCI6MTMwMjcsInVybCI6Imh0dHBzOlwvXC93d3cucHJvdGVzdGFudHNtdWxob3VzZS5mclwvd3AtY29udGVudFwvdXBsb2Fkc1wvMjAyNlwvMDRcLzI2MDQxMy1MYWJvci1GaWRlcy5qcGVnIiwic2xpZGVzaG93IjoiMGU1MDhmOSJ9\">\n\t\t\t\t\t<div class=\"e-gallery-image elementor-gallery-item__image\" data-thumbnail=\"https:\/\/www.protestantsmulhouse.fr\/wp-content\/uploads\/2026\/04\/260413-Labor-Fides-225x300.jpeg\" data-width=\"225\" data-height=\"300\" aria-label=\"\" role=\"img\" ><\/div>\n\t\t\t\t\t\t\t\t\t\t\t<div class=\"elementor-gallery-item__overlay\"><\/div>\n\t\t\t\t\t\t\t\t\t\t\t\t\t\t<\/a>\n\t\t\t\t\t\t\t<a class=\"e-gallery-item elementor-gallery-item elementor-animated-content\" href=\"https:\/\/www.protestantsmulhouse.fr\/wp-content\/uploads\/2026\/04\/260413-Geneve-1.jpeg\" data-elementor-open-lightbox=\"yes\" data-elementor-lightbox-slideshow=\"0e508f9\" data-elementor-lightbox-title=\"260413 Gene\u0300ve\" data-e-action-hash=\"#elementor-action%3Aaction%3Dlightbox%26settings%3DeyJpZCI6MTMwMjYsInVybCI6Imh0dHBzOlwvXC93d3cucHJvdGVzdGFudHNtdWxob3VzZS5mclwvd3AtY29udGVudFwvdXBsb2Fkc1wvMjAyNlwvMDRcLzI2MDQxMy1HZW5ldmUtMS5qcGVnIiwic2xpZGVzaG93IjoiMGU1MDhmOSJ9\">\n\t\t\t\t\t<div class=\"e-gallery-image elementor-gallery-item__image\" data-thumbnail=\"https:\/\/www.protestantsmulhouse.fr\/wp-content\/uploads\/2026\/04\/260413-Geneve-1-225x300.jpeg\" data-width=\"225\" data-height=\"300\" aria-label=\"\" role=\"img\" ><\/div>\n\t\t\t\t\t\t\t\t\t\t\t<div class=\"elementor-gallery-item__overlay\"><\/div>\n\t\t\t\t\t\t\t\t\t\t\t\t\t\t<\/a>\n\t\t\t\t\t\t\t<a class=\"e-gallery-item elementor-gallery-item elementor-animated-content\" href=\"https:\/\/www.protestantsmulhouse.fr\/wp-content\/uploads\/2026\/04\/260413-Mur-de-la-Reformation-6.jpeg\" data-elementor-open-lightbox=\"yes\" data-elementor-lightbox-slideshow=\"0e508f9\" data-elementor-lightbox-title=\"260413 Mur de la Re\u0301formation 6\" data-e-action-hash=\"#elementor-action%3Aaction%3Dlightbox%26settings%3DeyJpZCI6MTMwMjUsInVybCI6Imh0dHBzOlwvXC93d3cucHJvdGVzdGFudHNtdWxob3VzZS5mclwvd3AtY29udGVudFwvdXBsb2Fkc1wvMjAyNlwvMDRcLzI2MDQxMy1NdXItZGUtbGEtUmVmb3JtYXRpb24tNi5qcGVnIiwic2xpZGVzaG93IjoiMGU1MDhmOSJ9\">\n\t\t\t\t\t<div class=\"e-gallery-image elementor-gallery-item__image\" data-thumbnail=\"https:\/\/www.protestantsmulhouse.fr\/wp-content\/uploads\/2026\/04\/260413-Mur-de-la-Reformation-6-225x300.jpeg\" data-width=\"225\" data-height=\"300\" aria-label=\"\" role=\"img\" ><\/div>\n\t\t\t\t\t\t\t\t\t\t\t<div class=\"elementor-gallery-item__overlay\"><\/div>\n\t\t\t\t\t\t\t\t\t\t\t\t\t\t<\/a>\n\t\t\t\t\t\t\t<a class=\"e-gallery-item elementor-gallery-item elementor-animated-content\" href=\"https:\/\/www.protestantsmulhouse.fr\/wp-content\/uploads\/2026\/04\/260413-Mur-de-la-Reformation-1-scaled.jpeg\" data-elementor-open-lightbox=\"yes\" data-elementor-lightbox-slideshow=\"0e508f9\" data-elementor-lightbox-title=\"260413 Mur de la Re\u0301formation 1\" data-e-action-hash=\"#elementor-action%3Aaction%3Dlightbox%26settings%3DeyJpZCI6MTI5OTksInVybCI6Imh0dHBzOlwvXC93d3cucHJvdGVzdGFudHNtdWxob3VzZS5mclwvd3AtY29udGVudFwvdXBsb2Fkc1wvMjAyNlwvMDRcLzI2MDQxMy1NdXItZGUtbGEtUmVmb3JtYXRpb24tMS1zY2FsZWQuanBlZyIsInNsaWRlc2hvdyI6IjBlNTA4ZjkifQ%3D%3D\">\n\t\t\t\t\t<div class=\"e-gallery-image elementor-gallery-item__image\" data-thumbnail=\"https:\/\/www.protestantsmulhouse.fr\/wp-content\/uploads\/2026\/04\/260413-Mur-de-la-Reformation-1-300x225.jpeg\" data-width=\"300\" data-height=\"225\" aria-label=\"\" role=\"img\" ><\/div>\n\t\t\t\t\t\t\t\t\t\t\t<div class=\"elementor-gallery-item__overlay\"><\/div>\n\t\t\t\t\t\t\t\t\t\t\t\t\t\t<\/a>\n\t\t\t\t\t\t\t<a class=\"e-gallery-item elementor-gallery-item elementor-animated-content\" href=\"https:\/\/www.protestantsmulhouse.fr\/wp-content\/uploads\/2026\/04\/260413-Mur-de-la-Reformation-2-scaled.jpeg\" data-elementor-open-lightbox=\"yes\" data-elementor-lightbox-slideshow=\"0e508f9\" data-elementor-lightbox-title=\"260413 Mur de la Re\u0301formation 2\" data-e-action-hash=\"#elementor-action%3Aaction%3Dlightbox%26settings%3DeyJpZCI6MTMwMDEsInVybCI6Imh0dHBzOlwvXC93d3cucHJvdGVzdGFudHNtdWxob3VzZS5mclwvd3AtY29udGVudFwvdXBsb2Fkc1wvMjAyNlwvMDRcLzI2MDQxMy1NdXItZGUtbGEtUmVmb3JtYXRpb24tMi1zY2FsZWQuanBlZyIsInNsaWRlc2hvdyI6IjBlNTA4ZjkifQ%3D%3D\">\n\t\t\t\t\t<div class=\"e-gallery-image elementor-gallery-item__image\" data-thumbnail=\"https:\/\/www.protestantsmulhouse.fr\/wp-content\/uploads\/2026\/04\/260413-Mur-de-la-Reformation-2-300x225.jpeg\" data-width=\"300\" data-height=\"225\" aria-label=\"\" role=\"img\" ><\/div>\n\t\t\t\t\t\t\t\t\t\t\t<div class=\"elementor-gallery-item__overlay\"><\/div>\n\t\t\t\t\t\t\t\t\t\t\t\t\t\t<\/a>\n\t\t\t\t\t\t\t<a class=\"e-gallery-item elementor-gallery-item elementor-animated-content\" href=\"https:\/\/www.protestantsmulhouse.fr\/wp-content\/uploads\/2026\/04\/260413-Mur-de-la-Reformation-3-scaled.jpeg\" data-elementor-open-lightbox=\"yes\" data-elementor-lightbox-slideshow=\"0e508f9\" data-elementor-lightbox-title=\"260413 Mur de la Re\u0301formation 3\" data-e-action-hash=\"#elementor-action%3Aaction%3Dlightbox%26settings%3DeyJpZCI6MTMwMDIsInVybCI6Imh0dHBzOlwvXC93d3cucHJvdGVzdGFudHNtdWxob3VzZS5mclwvd3AtY29udGVudFwvdXBsb2Fkc1wvMjAyNlwvMDRcLzI2MDQxMy1NdXItZGUtbGEtUmVmb3JtYXRpb24tMy1zY2FsZWQuanBlZyIsInNsaWRlc2hvdyI6IjBlNTA4ZjkifQ%3D%3D\">\n\t\t\t\t\t<div class=\"e-gallery-image elementor-gallery-item__image\" data-thumbnail=\"https:\/\/www.protestantsmulhouse.fr\/wp-content\/uploads\/2026\/04\/260413-Mur-de-la-Reformation-3-300x225.jpeg\" data-width=\"300\" data-height=\"225\" aria-label=\"\" role=\"img\" ><\/div>\n\t\t\t\t\t\t\t\t\t\t\t<div class=\"elementor-gallery-item__overlay\"><\/div>\n\t\t\t\t\t\t\t\t\t\t\t\t\t\t<\/a>\n\t\t\t\t\t\t\t<a class=\"e-gallery-item elementor-gallery-item elementor-animated-content\" href=\"https:\/\/www.protestantsmulhouse.fr\/wp-content\/uploads\/2026\/04\/260413-Mur-de-la-Reformation-4-scaled.jpeg\" data-elementor-open-lightbox=\"yes\" data-elementor-lightbox-slideshow=\"0e508f9\" data-elementor-lightbox-title=\"260413 Mur de la Re\u0301formation 4\" data-e-action-hash=\"#elementor-action%3Aaction%3Dlightbox%26settings%3DeyJpZCI6MTMwMDMsInVybCI6Imh0dHBzOlwvXC93d3cucHJvdGVzdGFudHNtdWxob3VzZS5mclwvd3AtY29udGVudFwvdXBsb2Fkc1wvMjAyNlwvMDRcLzI2MDQxMy1NdXItZGUtbGEtUmVmb3JtYXRpb24tNC1zY2FsZWQuanBlZyIsInNsaWRlc2hvdyI6IjBlNTA4ZjkifQ%3D%3D\">\n\t\t\t\t\t<div class=\"e-gallery-image elementor-gallery-item__image\" data-thumbnail=\"https:\/\/www.protestantsmulhouse.fr\/wp-content\/uploads\/2026\/04\/260413-Mur-de-la-Reformation-4-300x225.jpeg\" data-width=\"300\" data-height=\"225\" aria-label=\"\" role=\"img\" ><\/div>\n\t\t\t\t\t\t\t\t\t\t\t<div class=\"elementor-gallery-item__overlay\"><\/div>\n\t\t\t\t\t\t\t\t\t\t\t\t\t\t<\/a>\n\t\t\t\t\t\t\t<a class=\"e-gallery-item elementor-gallery-item elementor-animated-content\" href=\"https:\/\/www.protestantsmulhouse.fr\/wp-content\/uploads\/2026\/04\/260413-Mur-de-la-Reformation-5-scaled.jpeg\" data-elementor-open-lightbox=\"yes\" data-elementor-lightbox-slideshow=\"0e508f9\" data-elementor-lightbox-title=\"260413 Mur de la Re\u0301formation 5\" data-e-action-hash=\"#elementor-action%3Aaction%3Dlightbox%26settings%3DeyJpZCI6MTMwMDQsInVybCI6Imh0dHBzOlwvXC93d3cucHJvdGVzdGFudHNtdWxob3VzZS5mclwvd3AtY29udGVudFwvdXBsb2Fkc1wvMjAyNlwvMDRcLzI2MDQxMy1NdXItZGUtbGEtUmVmb3JtYXRpb24tNS1zY2FsZWQuanBlZyIsInNsaWRlc2hvdyI6IjBlNTA4ZjkifQ%3D%3D\">\n\t\t\t\t\t<div class=\"e-gallery-image elementor-gallery-item__image\" data-thumbnail=\"https:\/\/www.protestantsmulhouse.fr\/wp-content\/uploads\/2026\/04\/260413-Mur-de-la-Reformation-5-300x225.jpeg\" data-width=\"300\" data-height=\"225\" aria-label=\"\" role=\"img\" ><\/div>\n\t\t\t\t\t\t\t\t\t\t\t<div class=\"elementor-gallery-item__overlay\"><\/div>\n\t\t\t\t\t\t\t\t\t\t\t\t\t\t<\/a>\n\t\t\t\t\t<\/div>\n\t\t\t\t\t<\/div>\n\t\t\t\t<\/div>\n\t\t\t\t<div class=\"elementor-element elementor-element-2ce4fc0 elementor-widget elementor-widget-text-editor\" data-id=\"2ce4fc0\" data-element_type=\"widget\" data-e-type=\"widget\" data-widget_type=\"text-editor.default\">\n\t\t\t\t<div class=\"elementor-widget-container\">\n\t\t\t\t\t\t\t\t\t<p style=\"text-align: center;\">\u00a0<\/p><p style=\"text-align: center;\">Au Centre de Vacances La Source,<br \/>chacun participait aux t\u00e2ches&#8230;<br \/>Cuisine ou vaisselle&#8230;<\/p><p style=\"text-align: center;\">\u00a0<\/p>\t\t\t\t\t\t\t\t<\/div>\n\t\t\t\t<\/div>\n\t\t\t\t<div class=\"elementor-element elementor-element-f561792 elementor-widget elementor-widget-gallery\" data-id=\"f561792\" data-element_type=\"widget\" data-e-type=\"widget\" data-settings=\"{&quot;columns&quot;:3,&quot;gap&quot;:{&quot;unit&quot;:&quot;px&quot;,&quot;size&quot;:0,&quot;sizes&quot;:[]},&quot;lazyload&quot;:&quot;yes&quot;,&quot;gallery_layout&quot;:&quot;grid&quot;,&quot;columns_tablet&quot;:2,&quot;columns_mobile&quot;:1,&quot;gap_tablet&quot;:{&quot;unit&quot;:&quot;px&quot;,&quot;size&quot;:10,&quot;sizes&quot;:[]},&quot;gap_mobile&quot;:{&quot;unit&quot;:&quot;px&quot;,&quot;size&quot;:10,&quot;sizes&quot;:[]},&quot;link_to&quot;:&quot;file&quot;,&quot;aspect_ratio&quot;:&quot;3:2&quot;,&quot;overlay_background&quot;:&quot;yes&quot;,&quot;content_hover_animation&quot;:&quot;fade-in&quot;}\" data-widget_type=\"gallery.default\">\n\t\t\t\t<div class=\"elementor-widget-container\">\n\t\t\t\t\t\t\t<div class=\"elementor-gallery__container\">\n\t\t\t\t\t\t\t<a class=\"e-gallery-item elementor-gallery-item elementor-animated-content\" href=\"https:\/\/www.protestantsmulhouse.fr\/wp-content\/uploads\/2026\/04\/Foto-13.04.26-08-57-07-scaled.jpg\" data-elementor-open-lightbox=\"yes\" data-elementor-lightbox-slideshow=\"f561792\" data-elementor-lightbox-title=\"Foto 13.04.26, 08 57 07\" data-e-action-hash=\"#elementor-action%3Aaction%3Dlightbox%26settings%3DeyJpZCI6MTQxMzYsInVybCI6Imh0dHBzOlwvXC93d3cucHJvdGVzdGFudHNtdWxob3VzZS5mclwvd3AtY29udGVudFwvdXBsb2Fkc1wvMjAyNlwvMDRcL0ZvdG8tMTMuMDQuMjYtMDgtNTctMDctc2NhbGVkLmpwZyIsInNsaWRlc2hvdyI6ImY1NjE3OTIifQ%3D%3D\">\n\t\t\t\t\t<div class=\"e-gallery-image elementor-gallery-item__image\" data-thumbnail=\"https:\/\/www.protestantsmulhouse.fr\/wp-content\/uploads\/2026\/04\/Foto-13.04.26-08-57-07-300x225.jpg\" data-width=\"300\" data-height=\"225\" aria-label=\"\" role=\"img\" ><\/div>\n\t\t\t\t\t\t\t\t\t\t\t<div class=\"elementor-gallery-item__overlay\"><\/div>\n\t\t\t\t\t\t\t\t\t\t\t\t\t\t<\/a>\n\t\t\t\t\t\t\t<a class=\"e-gallery-item elementor-gallery-item elementor-animated-content\" href=\"https:\/\/www.protestantsmulhouse.fr\/wp-content\/uploads\/2026\/04\/260414-Cuisine-1-scaled.jpeg\" data-elementor-open-lightbox=\"yes\" data-elementor-lightbox-slideshow=\"f561792\" data-elementor-lightbox-title=\"260414 Cuisine 1\" data-e-action-hash=\"#elementor-action%3Aaction%3Dlightbox%26settings%3DeyJpZCI6MTMwMDgsInVybCI6Imh0dHBzOlwvXC93d3cucHJvdGVzdGFudHNtdWxob3VzZS5mclwvd3AtY29udGVudFwvdXBsb2Fkc1wvMjAyNlwvMDRcLzI2MDQxNC1DdWlzaW5lLTEtc2NhbGVkLmpwZWciLCJzbGlkZXNob3ciOiJmNTYxNzkyIn0%3D\">\n\t\t\t\t\t<div class=\"e-gallery-image elementor-gallery-item__image\" data-thumbnail=\"https:\/\/www.protestantsmulhouse.fr\/wp-content\/uploads\/2026\/04\/260414-Cuisine-1-300x225.jpeg\" data-width=\"300\" data-height=\"225\" aria-label=\"\" role=\"img\" ><\/div>\n\t\t\t\t\t\t\t\t\t\t\t<div class=\"elementor-gallery-item__overlay\"><\/div>\n\t\t\t\t\t\t\t\t\t\t\t\t\t\t<\/a>\n\t\t\t\t\t\t\t<a class=\"e-gallery-item elementor-gallery-item elementor-animated-content\" href=\"https:\/\/www.protestantsmulhouse.fr\/wp-content\/uploads\/2026\/04\/260414-Cuisine-2-scaled.jpeg\" data-elementor-open-lightbox=\"yes\" data-elementor-lightbox-slideshow=\"f561792\" data-elementor-lightbox-title=\"260414 Cuisine 2\" data-e-action-hash=\"#elementor-action%3Aaction%3Dlightbox%26settings%3DeyJpZCI6MTMwMDksInVybCI6Imh0dHBzOlwvXC93d3cucHJvdGVzdGFudHNtdWxob3VzZS5mclwvd3AtY29udGVudFwvdXBsb2Fkc1wvMjAyNlwvMDRcLzI2MDQxNC1DdWlzaW5lLTItc2NhbGVkLmpwZWciLCJzbGlkZXNob3ciOiJmNTYxNzkyIn0%3D\">\n\t\t\t\t\t<div class=\"e-gallery-image elementor-gallery-item__image\" data-thumbnail=\"https:\/\/www.protestantsmulhouse.fr\/wp-content\/uploads\/2026\/04\/260414-Cuisine-2-300x225.jpeg\" data-width=\"300\" data-height=\"225\" aria-label=\"\" role=\"img\" ><\/div>\n\t\t\t\t\t\t\t\t\t\t\t<div class=\"elementor-gallery-item__overlay\"><\/div>\n\t\t\t\t\t\t\t\t\t\t\t\t\t\t<\/a>\n\t\t\t\t\t\t\t<a class=\"e-gallery-item elementor-gallery-item elementor-animated-content\" href=\"https:\/\/www.protestantsmulhouse.fr\/wp-content\/uploads\/2026\/04\/260414-Cuisine-3-scaled.jpeg\" data-elementor-open-lightbox=\"yes\" data-elementor-lightbox-slideshow=\"f561792\" data-elementor-lightbox-title=\"260414 Cuisine 3\" data-e-action-hash=\"#elementor-action%3Aaction%3Dlightbox%26settings%3DeyJpZCI6MTMwMTAsInVybCI6Imh0dHBzOlwvXC93d3cucHJvdGVzdGFudHNtdWxob3VzZS5mclwvd3AtY29udGVudFwvdXBsb2Fkc1wvMjAyNlwvMDRcLzI2MDQxNC1DdWlzaW5lLTMtc2NhbGVkLmpwZWciLCJzbGlkZXNob3ciOiJmNTYxNzkyIn0%3D\">\n\t\t\t\t\t<div class=\"e-gallery-image elementor-gallery-item__image\" data-thumbnail=\"https:\/\/www.protestantsmulhouse.fr\/wp-content\/uploads\/2026\/04\/260414-Cuisine-3-300x225.jpeg\" data-width=\"300\" data-height=\"225\" aria-label=\"\" role=\"img\" ><\/div>\n\t\t\t\t\t\t\t\t\t\t\t<div class=\"elementor-gallery-item__overlay\"><\/div>\n\t\t\t\t\t\t\t\t\t\t\t\t\t\t<\/a>\n\t\t\t\t\t\t\t<a class=\"e-gallery-item elementor-gallery-item elementor-animated-content\" href=\"https:\/\/www.protestantsmulhouse.fr\/wp-content\/uploads\/2026\/04\/260412-Vaisselle-2-scaled.jpg\" data-elementor-open-lightbox=\"yes\" data-elementor-lightbox-slideshow=\"f561792\" data-elementor-lightbox-title=\"260412 Vaisselle 2\" data-e-action-hash=\"#elementor-action%3Aaction%3Dlightbox%26settings%3DeyJpZCI6MTMwMTMsInVybCI6Imh0dHBzOlwvXC93d3cucHJvdGVzdGFudHNtdWxob3VzZS5mclwvd3AtY29udGVudFwvdXBsb2Fkc1wvMjAyNlwvMDRcLzI2MDQxMi1WYWlzc2VsbGUtMi1zY2FsZWQuanBnIiwic2xpZGVzaG93IjoiZjU2MTc5MiJ9\">\n\t\t\t\t\t<div class=\"e-gallery-image elementor-gallery-item__image\" data-thumbnail=\"https:\/\/www.protestantsmulhouse.fr\/wp-content\/uploads\/2026\/04\/260412-Vaisselle-2-225x300.jpg\" data-width=\"225\" data-height=\"300\" aria-label=\"\" role=\"img\" ><\/div>\n\t\t\t\t\t\t\t\t\t\t\t<div class=\"elementor-gallery-item__overlay\"><\/div>\n\t\t\t\t\t\t\t\t\t\t\t\t\t\t<\/a>\n\t\t\t\t\t\t\t<a class=\"e-gallery-item elementor-gallery-item elementor-animated-content\" href=\"https:\/\/www.protestantsmulhouse.fr\/wp-content\/uploads\/2026\/04\/260412-Vaisselle-3-scaled.jpg\" data-elementor-open-lightbox=\"yes\" data-elementor-lightbox-slideshow=\"f561792\" data-elementor-lightbox-title=\"260412 Vaisselle 3\" data-e-action-hash=\"#elementor-action%3Aaction%3Dlightbox%26settings%3DeyJpZCI6MTMwMTQsInVybCI6Imh0dHBzOlwvXC93d3cucHJvdGVzdGFudHNtdWxob3VzZS5mclwvd3AtY29udGVudFwvdXBsb2Fkc1wvMjAyNlwvMDRcLzI2MDQxMi1WYWlzc2VsbGUtMy1zY2FsZWQuanBnIiwic2xpZGVzaG93IjoiZjU2MTc5MiJ9\">\n\t\t\t\t\t<div class=\"e-gallery-image elementor-gallery-item__image\" data-thumbnail=\"https:\/\/www.protestantsmulhouse.fr\/wp-content\/uploads\/2026\/04\/260412-Vaisselle-3-300x225.jpg\" data-width=\"300\" data-height=\"225\" aria-label=\"\" role=\"img\" ><\/div>\n\t\t\t\t\t\t\t\t\t\t\t<div class=\"elementor-gallery-item__overlay\"><\/div>\n\t\t\t\t\t\t\t\t\t\t\t\t\t\t<\/a>\n\t\t\t\t\t\t\t<a class=\"e-gallery-item elementor-gallery-item elementor-animated-content\" href=\"https:\/\/www.protestantsmulhouse.fr\/wp-content\/uploads\/2026\/04\/260412-Vaisselle-5-scaled.jpg\" data-elementor-open-lightbox=\"yes\" data-elementor-lightbox-slideshow=\"f561792\" data-elementor-lightbox-title=\"260412 Vaisselle 5\" data-e-action-hash=\"#elementor-action%3Aaction%3Dlightbox%26settings%3DeyJpZCI6MTMwMTYsInVybCI6Imh0dHBzOlwvXC93d3cucHJvdGVzdGFudHNtdWxob3VzZS5mclwvd3AtY29udGVudFwvdXBsb2Fkc1wvMjAyNlwvMDRcLzI2MDQxMi1WYWlzc2VsbGUtNS1zY2FsZWQuanBnIiwic2xpZGVzaG93IjoiZjU2MTc5MiJ9\">\n\t\t\t\t\t<div class=\"e-gallery-image elementor-gallery-item__image\" data-thumbnail=\"https:\/\/www.protestantsmulhouse.fr\/wp-content\/uploads\/2026\/04\/260412-Vaisselle-5-300x225.jpg\" data-width=\"300\" data-height=\"225\" aria-label=\"\" role=\"img\" ><\/div>\n\t\t\t\t\t\t\t\t\t\t\t<div class=\"elementor-gallery-item__overlay\"><\/div>\n\t\t\t\t\t\t\t\t\t\t\t\t\t\t<\/a>\n\t\t\t\t\t\t\t<a class=\"e-gallery-item elementor-gallery-item elementor-animated-content\" href=\"https:\/\/www.protestantsmulhouse.fr\/wp-content\/uploads\/2026\/04\/260412-Vaisselle-6.jpeg\" data-elementor-open-lightbox=\"yes\" data-elementor-lightbox-slideshow=\"f561792\" data-elementor-lightbox-title=\"260412 Vaisselle 6\" data-e-action-hash=\"#elementor-action%3Aaction%3Dlightbox%26settings%3DeyJpZCI6MTMwMzIsInVybCI6Imh0dHBzOlwvXC93d3cucHJvdGVzdGFudHNtdWxob3VzZS5mclwvd3AtY29udGVudFwvdXBsb2Fkc1wvMjAyNlwvMDRcLzI2MDQxMi1WYWlzc2VsbGUtNi5qcGVnIiwic2xpZGVzaG93IjoiZjU2MTc5MiJ9\">\n\t\t\t\t\t<div class=\"e-gallery-image elementor-gallery-item__image\" data-thumbnail=\"https:\/\/www.protestantsmulhouse.fr\/wp-content\/uploads\/2026\/04\/260412-Vaisselle-6-225x300.jpeg\" data-width=\"225\" data-height=\"300\" aria-label=\"\" role=\"img\" ><\/div>\n\t\t\t\t\t\t\t\t\t\t\t<div class=\"elementor-gallery-item__overlay\"><\/div>\n\t\t\t\t\t\t\t\t\t\t\t\t\t\t<\/a>\n\t\t\t\t\t\t\t<a class=\"e-gallery-item elementor-gallery-item elementor-animated-content\" href=\"https:\/\/www.protestantsmulhouse.fr\/wp-content\/uploads\/2026\/04\/260412-Vaisselle-7.jpeg\" data-elementor-open-lightbox=\"yes\" data-elementor-lightbox-slideshow=\"f561792\" data-elementor-lightbox-title=\"260412 Vaisselle 7\" data-e-action-hash=\"#elementor-action%3Aaction%3Dlightbox%26settings%3DeyJpZCI6MTMwMzMsInVybCI6Imh0dHBzOlwvXC93d3cucHJvdGVzdGFudHNtdWxob3VzZS5mclwvd3AtY29udGVudFwvdXBsb2Fkc1wvMjAyNlwvMDRcLzI2MDQxMi1WYWlzc2VsbGUtNy5qcGVnIiwic2xpZGVzaG93IjoiZjU2MTc5MiJ9\">\n\t\t\t\t\t<div class=\"e-gallery-image elementor-gallery-item__image\" data-thumbnail=\"https:\/\/www.protestantsmulhouse.fr\/wp-content\/uploads\/2026\/04\/260412-Vaisselle-7-225x300.jpeg\" data-width=\"225\" data-height=\"300\" aria-label=\"\" role=\"img\" ><\/div>\n\t\t\t\t\t\t\t\t\t\t\t<div class=\"elementor-gallery-item__overlay\"><\/div>\n\t\t\t\t\t\t\t\t\t\t\t\t\t\t<\/a>\n\t\t\t\t\t\t\t<a class=\"e-gallery-item elementor-gallery-item elementor-animated-content\" href=\"https:\/\/www.protestantsmulhouse.fr\/wp-content\/uploads\/2026\/04\/260412-Vaisselle-8.jpeg\" data-elementor-open-lightbox=\"yes\" data-elementor-lightbox-slideshow=\"f561792\" data-elementor-lightbox-title=\"260412 Vaisselle 8\" data-e-action-hash=\"#elementor-action%3Aaction%3Dlightbox%26settings%3DeyJpZCI6MTMwMzQsInVybCI6Imh0dHBzOlwvXC93d3cucHJvdGVzdGFudHNtdWxob3VzZS5mclwvd3AtY29udGVudFwvdXBsb2Fkc1wvMjAyNlwvMDRcLzI2MDQxMi1WYWlzc2VsbGUtOC5qcGVnIiwic2xpZGVzaG93IjoiZjU2MTc5MiJ9\">\n\t\t\t\t\t<div class=\"e-gallery-image elementor-gallery-item__image\" data-thumbnail=\"https:\/\/www.protestantsmulhouse.fr\/wp-content\/uploads\/2026\/04\/260412-Vaisselle-8-225x300.jpeg\" data-width=\"225\" data-height=\"300\" aria-label=\"\" role=\"img\" ><\/div>\n\t\t\t\t\t\t\t\t\t\t\t<div class=\"elementor-gallery-item__overlay\"><\/div>\n\t\t\t\t\t\t\t\t\t\t\t\t\t\t<\/a>\n\t\t\t\t\t\t\t<a class=\"e-gallery-item elementor-gallery-item elementor-animated-content\" href=\"https:\/\/www.protestantsmulhouse.fr\/wp-content\/uploads\/2026\/04\/260412-Vaisselle-9.jpeg\" data-elementor-open-lightbox=\"yes\" data-elementor-lightbox-slideshow=\"f561792\" data-elementor-lightbox-title=\"260412 Vaisselle 9\" data-e-action-hash=\"#elementor-action%3Aaction%3Dlightbox%26settings%3DeyJpZCI6MTMwMzUsInVybCI6Imh0dHBzOlwvXC93d3cucHJvdGVzdGFudHNtdWxob3VzZS5mclwvd3AtY29udGVudFwvdXBsb2Fkc1wvMjAyNlwvMDRcLzI2MDQxMi1WYWlzc2VsbGUtOS5qcGVnIiwic2xpZGVzaG93IjoiZjU2MTc5MiJ9\">\n\t\t\t\t\t<div class=\"e-gallery-image elementor-gallery-item__image\" data-thumbnail=\"https:\/\/www.protestantsmulhouse.fr\/wp-content\/uploads\/2026\/04\/260412-Vaisselle-9-225x300.jpeg\" data-width=\"225\" data-height=\"300\" aria-label=\"\" role=\"img\" ><\/div>\n\t\t\t\t\t\t\t\t\t\t\t<div class=\"elementor-gallery-item__overlay\"><\/div>\n\t\t\t\t\t\t\t\t\t\t\t\t\t\t<\/a>\n\t\t\t\t\t\t\t<a class=\"e-gallery-item elementor-gallery-item elementor-animated-content\" href=\"https:\/\/www.protestantsmulhouse.fr\/wp-content\/uploads\/2026\/04\/260412-Vaisselle-10.jpeg\" data-elementor-open-lightbox=\"yes\" data-elementor-lightbox-slideshow=\"f561792\" data-elementor-lightbox-title=\"260412 Vaisselle 10\" data-e-action-hash=\"#elementor-action%3Aaction%3Dlightbox%26settings%3DeyJpZCI6MTMwMzYsInVybCI6Imh0dHBzOlwvXC93d3cucHJvdGVzdGFudHNtdWxob3VzZS5mclwvd3AtY29udGVudFwvdXBsb2Fkc1wvMjAyNlwvMDRcLzI2MDQxMi1WYWlzc2VsbGUtMTAuanBlZyIsInNsaWRlc2hvdyI6ImY1NjE3OTIifQ%3D%3D\">\n\t\t\t\t\t<div class=\"e-gallery-image elementor-gallery-item__image\" data-thumbnail=\"https:\/\/www.protestantsmulhouse.fr\/wp-content\/uploads\/2026\/04\/260412-Vaisselle-10-225x300.jpeg\" data-width=\"225\" data-height=\"300\" aria-label=\"\" role=\"img\" ><\/div>\n\t\t\t\t\t\t\t\t\t\t\t<div class=\"elementor-gallery-item__overlay\"><\/div>\n\t\t\t\t\t\t\t\t\t\t\t\t\t\t<\/a>\n\t\t\t\t\t\t\t<a class=\"e-gallery-item elementor-gallery-item elementor-animated-content\" href=\"https:\/\/www.protestantsmulhouse.fr\/wp-content\/uploads\/2026\/04\/Foto-14.04.26-19-58-42-scaled.jpg\" data-elementor-open-lightbox=\"yes\" data-elementor-lightbox-slideshow=\"f561792\" data-elementor-lightbox-title=\"Foto 14.04.26, 19 58 42\" data-e-action-hash=\"#elementor-action%3Aaction%3Dlightbox%26settings%3DeyJpZCI6MTQxNzYsInVybCI6Imh0dHBzOlwvXC93d3cucHJvdGVzdGFudHNtdWxob3VzZS5mclwvd3AtY29udGVudFwvdXBsb2Fkc1wvMjAyNlwvMDRcL0ZvdG8tMTQuMDQuMjYtMTktNTgtNDItc2NhbGVkLmpwZyIsInNsaWRlc2hvdyI6ImY1NjE3OTIifQ%3D%3D\">\n\t\t\t\t\t<div class=\"e-gallery-image elementor-gallery-item__image\" data-thumbnail=\"https:\/\/www.protestantsmulhouse.fr\/wp-content\/uploads\/2026\/04\/Foto-14.04.26-19-58-42-225x300.jpg\" data-width=\"225\" data-height=\"300\" aria-label=\"\" role=\"img\" ><\/div>\n\t\t\t\t\t\t\t\t\t\t\t<div class=\"elementor-gallery-item__overlay\"><\/div>\n\t\t\t\t\t\t\t\t\t\t\t\t\t\t<\/a>\n\t\t\t\t\t\t\t<a class=\"e-gallery-item elementor-gallery-item elementor-animated-content\" href=\"https:\/\/www.protestantsmulhouse.fr\/wp-content\/uploads\/2026\/04\/Foto-14.04.26-20-22-29-scaled.jpg\" data-elementor-open-lightbox=\"yes\" data-elementor-lightbox-slideshow=\"f561792\" data-elementor-lightbox-title=\"Foto 14.04.26, 20 22 29\" data-e-action-hash=\"#elementor-action%3Aaction%3Dlightbox%26settings%3DeyJpZCI6MTQxNzcsInVybCI6Imh0dHBzOlwvXC93d3cucHJvdGVzdGFudHNtdWxob3VzZS5mclwvd3AtY29udGVudFwvdXBsb2Fkc1wvMjAyNlwvMDRcL0ZvdG8tMTQuMDQuMjYtMjAtMjItMjktc2NhbGVkLmpwZyIsInNsaWRlc2hvdyI6ImY1NjE3OTIifQ%3D%3D\">\n\t\t\t\t\t<div class=\"e-gallery-image elementor-gallery-item__image\" data-thumbnail=\"https:\/\/www.protestantsmulhouse.fr\/wp-content\/uploads\/2026\/04\/Foto-14.04.26-20-22-29-300x225.jpg\" data-width=\"300\" data-height=\"225\" aria-label=\"\" role=\"img\" ><\/div>\n\t\t\t\t\t\t\t\t\t\t\t<div class=\"elementor-gallery-item__overlay\"><\/div>\n\t\t\t\t\t\t\t\t\t\t\t\t\t\t<\/a>\n\t\t\t\t\t<\/div>\n\t\t\t\t\t<\/div>\n\t\t\t\t<\/div>\n\t\t\t\t<div class=\"elementor-element elementor-element-7d9e76c elementor-widget elementor-widget-text-editor\" data-id=\"7d9e76c\" data-element_type=\"widget\" data-e-type=\"widget\" data-widget_type=\"text-editor.default\">\n\t\t\t\t<div class=\"elementor-widget-container\">\n\t\t\t\t\t\t\t\t\t<p style=\"text-align: center;\">\u00a0<\/p><p style=\"text-align: center;\">Le mardi 14 avril nous sommes rest\u00e9s le matin au Centre.<\/p><p style=\"text-align: center;\">Les confirmands ont travaill\u00e9 de leur c\u00f4t\u00e9<br \/>pendant que les cat\u00e9chum\u00e8nes ont cr\u00e9\u00e9 une \u00e9mission de radio avec Sony.<\/p><p style=\"text-align: center;\">L&#8217;apr\u00e8s-midi nous sommes all\u00e9s d\u00e9couvrir des villes en bord du L\u00e9man :<br \/>\u00a0la cit\u00e9 m\u00e9di\u00e9vale d&#8217;Yvoire<br \/>et la ville d&#8217;Evian les Bains.<\/p><p style=\"text-align: center;\">\u00a0<\/p>\t\t\t\t\t\t\t\t<\/div>\n\t\t\t\t<\/div>\n\t\t\t\t<section class=\"elementor-section elementor-inner-section elementor-element elementor-element-f9dd633 elementor-section-boxed elementor-section-height-default elementor-section-height-default\" data-id=\"f9dd633\" data-element_type=\"section\" data-e-type=\"section\">\n\t\t\t\t\t\t<div class=\"elementor-container elementor-column-gap-default\">\n\t\t\t\t\t<div class=\"elementor-column elementor-col-50 elementor-inner-column elementor-element elementor-element-e94072e\" data-id=\"e94072e\" data-element_type=\"column\" data-e-type=\"column\">\n\t\t\t<div class=\"elementor-widget-wrap elementor-element-populated\">\n\t\t\t\t\t\t<div class=\"elementor-element elementor-element-72b3da8 elementor-align-justify elementor-widget__width-inherit elementor-widget elementor-widget-button\" data-id=\"72b3da8\" data-element_type=\"widget\" data-e-type=\"widget\" data-widget_type=\"button.default\">\n\t\t\t\t<div class=\"elementor-widget-container\">\n\t\t\t\t\t\t\t\t\t<div class=\"elementor-button-wrapper\">\n\t\t\t\t\t<a class=\"elementor-button elementor-button-link elementor-size-sm\" href=\"https:\/\/www.protestantsmulhouse.fr\/wp-content\/uploads\/2026\/04\/Un-reformateur-une-ville-Thea.mp3\">\n\t\t\t\t\t\t<span class=\"elementor-button-content-wrapper\">\n\t\t\t\t\t\t\t\t\t<span class=\"elementor-button-text\">Un r\u00e9formateur - Une ville - Th\u00e9a<\/span>\n\t\t\t\t\t<\/span>\n\t\t\t\t\t<\/a>\n\t\t\t\t<\/div>\n\t\t\t\t\t\t\t\t<\/div>\n\t\t\t\t<\/div>\n\t\t\t\t<div class=\"elementor-element elementor-element-077ad33 elementor-align-justify elementor-widget__width-inherit elementor-widget elementor-widget-button\" data-id=\"077ad33\" data-element_type=\"widget\" data-e-type=\"widget\" data-widget_type=\"button.default\">\n\t\t\t\t<div class=\"elementor-widget-container\">\n\t\t\t\t\t\t\t\t\t<div class=\"elementor-button-wrapper\">\n\t\t\t\t\t<a class=\"elementor-button elementor-button-link elementor-size-sm\" href=\"https:\/\/www.protestantsmulhouse.fr\/wp-content\/uploads\/2026\/04\/Un-reformateur-une-ville-Julliette.mp3\">\n\t\t\t\t\t\t<span class=\"elementor-button-content-wrapper\">\n\t\t\t\t\t\t\t\t\t<span class=\"elementor-button-text\">Un r\u00e9formateur - Une ville - Juliette<\/span>\n\t\t\t\t\t<\/span>\n\t\t\t\t\t<\/a>\n\t\t\t\t<\/div>\n\t\t\t\t\t\t\t\t<\/div>\n\t\t\t\t<\/div>\n\t\t\t\t\t<\/div>\n\t\t<\/div>\n\t\t\t\t<div class=\"elementor-column elementor-col-50 elementor-inner-column elementor-element elementor-element-750884f\" data-id=\"750884f\" data-element_type=\"column\" data-e-type=\"column\">\n\t\t\t<div class=\"elementor-widget-wrap elementor-element-populated\">\n\t\t\t\t\t\t<div class=\"elementor-element elementor-element-dfac0c3 elementor-widget elementor-widget-text-editor\" data-id=\"dfac0c3\" data-element_type=\"widget\" data-e-type=\"widget\" data-widget_type=\"text-editor.default\">\n\t\t\t\t<div class=\"elementor-widget-container\">\n\t\t\t\t\t\t\t\t\t<p>Durant la retraite interg\u00e9n\u00e9rationnelle \u00e0 Gen\u00e8ve, les cat\u00e9chum\u00e8nes, non confirmands, ont eu un atelier d\u00e9couverte du m\u00e9tier de la radio. Elles ont appris \u00e0 utiliser un zoom, pr\u00e9senter une \u00e9mission ou \u00eatre interview\u00e9es \u00e0 travers une mise en situation. S\u00e9par\u00e9s en deux groupes, ils ont produit une \u00e9mission par groupe sur un r\u00e9formateur et un aspect de la ville de Gen\u00e8ve (les th\u00e8mes de la retraite).<\/p>\t\t\t\t\t\t\t\t<\/div>\n\t\t\t\t<\/div>\n\t\t\t\t\t<\/div>\n\t\t<\/div>\n\t\t\t\t\t<\/div>\n\t\t<\/section>\n\t\t\t\t<div class=\"elementor-element elementor-element-f0313cf elementor-widget elementor-widget-gallery\" data-id=\"f0313cf\" data-element_type=\"widget\" data-e-type=\"widget\" data-settings=\"{&quot;columns&quot;:3,&quot;gap&quot;:{&quot;unit&quot;:&quot;px&quot;,&quot;size&quot;:0,&quot;sizes&quot;:[]},&quot;lazyload&quot;:&quot;yes&quot;,&quot;gallery_layout&quot;:&quot;grid&quot;,&quot;columns_tablet&quot;:2,&quot;columns_mobile&quot;:1,&quot;gap_tablet&quot;:{&quot;unit&quot;:&quot;px&quot;,&quot;size&quot;:10,&quot;sizes&quot;:[]},&quot;gap_mobile&quot;:{&quot;unit&quot;:&quot;px&quot;,&quot;size&quot;:10,&quot;sizes&quot;:[]},&quot;link_to&quot;:&quot;file&quot;,&quot;aspect_ratio&quot;:&quot;3:2&quot;,&quot;overlay_background&quot;:&quot;yes&quot;,&quot;content_hover_animation&quot;:&quot;fade-in&quot;}\" data-widget_type=\"gallery.default\">\n\t\t\t\t<div class=\"elementor-widget-container\">\n\t\t\t\t\t\t\t<div class=\"elementor-gallery__container\">\n\t\t\t\t\t\t\t<a class=\"e-gallery-item elementor-gallery-item elementor-animated-content\" href=\"https:\/\/www.protestantsmulhouse.fr\/wp-content\/uploads\/2026\/04\/260418-Yvoire-3.jpeg\" data-elementor-open-lightbox=\"yes\" data-elementor-lightbox-slideshow=\"f0313cf\" data-elementor-lightbox-title=\"260418 Yvoire 3\" data-e-action-hash=\"#elementor-action%3Aaction%3Dlightbox%26settings%3DeyJpZCI6MTMwNDMsInVybCI6Imh0dHBzOlwvXC93d3cucHJvdGVzdGFudHNtdWxob3VzZS5mclwvd3AtY29udGVudFwvdXBsb2Fkc1wvMjAyNlwvMDRcLzI2MDQxOC1Zdm9pcmUtMy5qcGVnIiwic2xpZGVzaG93IjoiZjAzMTNjZiJ9\">\n\t\t\t\t\t<div class=\"e-gallery-image elementor-gallery-item__image\" data-thumbnail=\"https:\/\/www.protestantsmulhouse.fr\/wp-content\/uploads\/2026\/04\/260418-Yvoire-3-225x300.jpeg\" data-width=\"225\" data-height=\"300\" aria-label=\"\" role=\"img\" ><\/div>\n\t\t\t\t\t\t\t\t\t\t\t<div class=\"elementor-gallery-item__overlay\"><\/div>\n\t\t\t\t\t\t\t\t\t\t\t\t\t\t<\/a>\n\t\t\t\t\t\t\t<a class=\"e-gallery-item elementor-gallery-item elementor-animated-content\" href=\"https:\/\/www.protestantsmulhouse.fr\/wp-content\/uploads\/2026\/04\/260418-Yvoire-1-1.jpeg\" data-elementor-open-lightbox=\"yes\" data-elementor-lightbox-slideshow=\"f0313cf\" data-elementor-lightbox-title=\"260418 Yvoire 1\" data-e-action-hash=\"#elementor-action%3Aaction%3Dlightbox%26settings%3DeyJpZCI6MTMwNDQsInVybCI6Imh0dHBzOlwvXC93d3cucHJvdGVzdGFudHNtdWxob3VzZS5mclwvd3AtY29udGVudFwvdXBsb2Fkc1wvMjAyNlwvMDRcLzI2MDQxOC1Zdm9pcmUtMS0xLmpwZWciLCJzbGlkZXNob3ciOiJmMDMxM2NmIn0%3D\">\n\t\t\t\t\t<div class=\"e-gallery-image elementor-gallery-item__image\" data-thumbnail=\"https:\/\/www.protestantsmulhouse.fr\/wp-content\/uploads\/2026\/04\/260418-Yvoire-1-1-225x300.jpeg\" data-width=\"225\" data-height=\"300\" aria-label=\"\" role=\"img\" ><\/div>\n\t\t\t\t\t\t\t\t\t\t\t<div class=\"elementor-gallery-item__overlay\"><\/div>\n\t\t\t\t\t\t\t\t\t\t\t\t\t\t<\/a>\n\t\t\t\t\t\t\t<a class=\"e-gallery-item elementor-gallery-item elementor-animated-content\" href=\"https:\/\/www.protestantsmulhouse.fr\/wp-content\/uploads\/2026\/04\/260418-Yvoire-2-1.jpeg\" data-elementor-open-lightbox=\"yes\" data-elementor-lightbox-slideshow=\"f0313cf\" data-elementor-lightbox-title=\"260418 Yvoire 2\" data-e-action-hash=\"#elementor-action%3Aaction%3Dlightbox%26settings%3DeyJpZCI6MTMwNDUsInVybCI6Imh0dHBzOlwvXC93d3cucHJvdGVzdGFudHNtdWxob3VzZS5mclwvd3AtY29udGVudFwvdXBsb2Fkc1wvMjAyNlwvMDRcLzI2MDQxOC1Zdm9pcmUtMi0xLmpwZWciLCJzbGlkZXNob3ciOiJmMDMxM2NmIn0%3D\">\n\t\t\t\t\t<div class=\"e-gallery-image elementor-gallery-item__image\" data-thumbnail=\"https:\/\/www.protestantsmulhouse.fr\/wp-content\/uploads\/2026\/04\/260418-Yvoire-2-1-300x225.jpeg\" data-width=\"300\" data-height=\"225\" aria-label=\"\" role=\"img\" ><\/div>\n\t\t\t\t\t\t\t\t\t\t\t<div class=\"elementor-gallery-item__overlay\"><\/div>\n\t\t\t\t\t\t\t\t\t\t\t\t\t\t<\/a>\n\t\t\t\t\t\t\t<a class=\"e-gallery-item elementor-gallery-item elementor-animated-content\" href=\"https:\/\/www.protestantsmulhouse.fr\/wp-content\/uploads\/2026\/04\/Foto-14.04.26-15-28-23-scaled.jpg\" data-elementor-open-lightbox=\"yes\" data-elementor-lightbox-slideshow=\"f0313cf\" data-elementor-lightbox-title=\"Foto 14.04.26, 15 28 23\" data-e-action-hash=\"#elementor-action%3Aaction%3Dlightbox%26settings%3DeyJpZCI6MTQxMzgsInVybCI6Imh0dHBzOlwvXC93d3cucHJvdGVzdGFudHNtdWxob3VzZS5mclwvd3AtY29udGVudFwvdXBsb2Fkc1wvMjAyNlwvMDRcL0ZvdG8tMTQuMDQuMjYtMTUtMjgtMjMtc2NhbGVkLmpwZyIsInNsaWRlc2hvdyI6ImYwMzEzY2YifQ%3D%3D\">\n\t\t\t\t\t<div class=\"e-gallery-image elementor-gallery-item__image\" data-thumbnail=\"https:\/\/www.protestantsmulhouse.fr\/wp-content\/uploads\/2026\/04\/Foto-14.04.26-15-28-23-300x225.jpg\" data-width=\"300\" data-height=\"225\" aria-label=\"\" role=\"img\" ><\/div>\n\t\t\t\t\t\t\t\t\t\t\t<div class=\"elementor-gallery-item__overlay\"><\/div>\n\t\t\t\t\t\t\t\t\t\t\t\t\t\t<\/a>\n\t\t\t\t\t\t\t<a class=\"e-gallery-item elementor-gallery-item elementor-animated-content\" href=\"https:\/\/www.protestantsmulhouse.fr\/wp-content\/uploads\/2026\/04\/Foto-14.04.26-15-30-59-scaled.jpg\" data-elementor-open-lightbox=\"yes\" data-elementor-lightbox-slideshow=\"f0313cf\" data-elementor-lightbox-title=\"Foto 14.04.26, 15 30 59\" data-e-action-hash=\"#elementor-action%3Aaction%3Dlightbox%26settings%3DeyJpZCI6MTQxMzksInVybCI6Imh0dHBzOlwvXC93d3cucHJvdGVzdGFudHNtdWxob3VzZS5mclwvd3AtY29udGVudFwvdXBsb2Fkc1wvMjAyNlwvMDRcL0ZvdG8tMTQuMDQuMjYtMTUtMzAtNTktc2NhbGVkLmpwZyIsInNsaWRlc2hvdyI6ImYwMzEzY2YifQ%3D%3D\">\n\t\t\t\t\t<div class=\"e-gallery-image elementor-gallery-item__image\" data-thumbnail=\"https:\/\/www.protestantsmulhouse.fr\/wp-content\/uploads\/2026\/04\/Foto-14.04.26-15-30-59-300x225.jpg\" data-width=\"300\" data-height=\"225\" aria-label=\"\" role=\"img\" ><\/div>\n\t\t\t\t\t\t\t\t\t\t\t<div class=\"elementor-gallery-item__overlay\"><\/div>\n\t\t\t\t\t\t\t\t\t\t\t\t\t\t<\/a>\n\t\t\t\t\t\t\t<a class=\"e-gallery-item elementor-gallery-item elementor-animated-content\" href=\"https:\/\/www.protestantsmulhouse.fr\/wp-content\/uploads\/2026\/04\/Foto-14.04.26-15-40-22-scaled.jpg\" data-elementor-open-lightbox=\"yes\" data-elementor-lightbox-slideshow=\"f0313cf\" data-elementor-lightbox-title=\"Foto 14.04.26, 15 40 22\" data-e-action-hash=\"#elementor-action%3Aaction%3Dlightbox%26settings%3DeyJpZCI6MTQxNDAsInVybCI6Imh0dHBzOlwvXC93d3cucHJvdGVzdGFudHNtdWxob3VzZS5mclwvd3AtY29udGVudFwvdXBsb2Fkc1wvMjAyNlwvMDRcL0ZvdG8tMTQuMDQuMjYtMTUtNDAtMjItc2NhbGVkLmpwZyIsInNsaWRlc2hvdyI6ImYwMzEzY2YifQ%3D%3D\">\n\t\t\t\t\t<div class=\"e-gallery-image elementor-gallery-item__image\" data-thumbnail=\"https:\/\/www.protestantsmulhouse.fr\/wp-content\/uploads\/2026\/04\/Foto-14.04.26-15-40-22-225x300.jpg\" data-width=\"225\" data-height=\"300\" aria-label=\"\" role=\"img\" ><\/div>\n\t\t\t\t\t\t\t\t\t\t\t<div class=\"elementor-gallery-item__overlay\"><\/div>\n\t\t\t\t\t\t\t\t\t\t\t\t\t\t<\/a>\n\t\t\t\t\t\t\t<a class=\"e-gallery-item elementor-gallery-item elementor-animated-content\" href=\"https:\/\/www.protestantsmulhouse.fr\/wp-content\/uploads\/2026\/04\/Foto-14.04.26-15-50-47-scaled.jpg\" data-elementor-open-lightbox=\"yes\" data-elementor-lightbox-slideshow=\"f0313cf\" data-elementor-lightbox-title=\"Foto 14.04.26, 15 50 47\" data-e-action-hash=\"#elementor-action%3Aaction%3Dlightbox%26settings%3DeyJpZCI6MTQxNDEsInVybCI6Imh0dHBzOlwvXC93d3cucHJvdGVzdGFudHNtdWxob3VzZS5mclwvd3AtY29udGVudFwvdXBsb2Fkc1wvMjAyNlwvMDRcL0ZvdG8tMTQuMDQuMjYtMTUtNTAtNDctc2NhbGVkLmpwZyIsInNsaWRlc2hvdyI6ImYwMzEzY2YifQ%3D%3D\">\n\t\t\t\t\t<div class=\"e-gallery-image elementor-gallery-item__image\" data-thumbnail=\"https:\/\/www.protestantsmulhouse.fr\/wp-content\/uploads\/2026\/04\/Foto-14.04.26-15-50-47-225x300.jpg\" data-width=\"225\" data-height=\"300\" aria-label=\"\" role=\"img\" ><\/div>\n\t\t\t\t\t\t\t\t\t\t\t<div class=\"elementor-gallery-item__overlay\"><\/div>\n\t\t\t\t\t\t\t\t\t\t\t\t\t\t<\/a>\n\t\t\t\t\t\t\t<a class=\"e-gallery-item elementor-gallery-item elementor-animated-content\" href=\"https:\/\/www.protestantsmulhouse.fr\/wp-content\/uploads\/2026\/04\/Foto-14.04.26-15-57-10-scaled.jpg\" data-elementor-open-lightbox=\"yes\" data-elementor-lightbox-slideshow=\"f0313cf\" data-elementor-lightbox-title=\"Foto 14.04.26, 15 57 10\" data-e-action-hash=\"#elementor-action%3Aaction%3Dlightbox%26settings%3DeyJpZCI6MTQxNDIsInVybCI6Imh0dHBzOlwvXC93d3cucHJvdGVzdGFudHNtdWxob3VzZS5mclwvd3AtY29udGVudFwvdXBsb2Fkc1wvMjAyNlwvMDRcL0ZvdG8tMTQuMDQuMjYtMTUtNTctMTAtc2NhbGVkLmpwZyIsInNsaWRlc2hvdyI6ImYwMzEzY2YifQ%3D%3D\">\n\t\t\t\t\t<div class=\"e-gallery-image elementor-gallery-item__image\" data-thumbnail=\"https:\/\/www.protestantsmulhouse.fr\/wp-content\/uploads\/2026\/04\/Foto-14.04.26-15-57-10-300x225.jpg\" data-width=\"300\" data-height=\"225\" aria-label=\"\" role=\"img\" ><\/div>\n\t\t\t\t\t\t\t\t\t\t\t<div class=\"elementor-gallery-item__overlay\"><\/div>\n\t\t\t\t\t\t\t\t\t\t\t\t\t\t<\/a>\n\t\t\t\t\t\t\t<a class=\"e-gallery-item elementor-gallery-item elementor-animated-content\" href=\"https:\/\/www.protestantsmulhouse.fr\/wp-content\/uploads\/2026\/04\/Foto-14.04.26-16-29-42-scaled.jpg\" data-elementor-open-lightbox=\"yes\" data-elementor-lightbox-slideshow=\"f0313cf\" data-elementor-lightbox-title=\"Foto 14.04.26, 16 29 42\" data-e-action-hash=\"#elementor-action%3Aaction%3Dlightbox%26settings%3DeyJpZCI6MTQxNDMsInVybCI6Imh0dHBzOlwvXC93d3cucHJvdGVzdGFudHNtdWxob3VzZS5mclwvd3AtY29udGVudFwvdXBsb2Fkc1wvMjAyNlwvMDRcL0ZvdG8tMTQuMDQuMjYtMTYtMjktNDItc2NhbGVkLmpwZyIsInNsaWRlc2hvdyI6ImYwMzEzY2YifQ%3D%3D\">\n\t\t\t\t\t<div class=\"e-gallery-image elementor-gallery-item__image\" data-thumbnail=\"https:\/\/www.protestantsmulhouse.fr\/wp-content\/uploads\/2026\/04\/Foto-14.04.26-16-29-42-300x225.jpg\" data-width=\"300\" data-height=\"225\" aria-label=\"\" role=\"img\" ><\/div>\n\t\t\t\t\t\t\t\t\t\t\t<div class=\"elementor-gallery-item__overlay\"><\/div>\n\t\t\t\t\t\t\t\t\t\t\t\t\t\t<\/a>\n\t\t\t\t\t\t\t<a class=\"e-gallery-item elementor-gallery-item elementor-animated-content\" href=\"https:\/\/www.protestantsmulhouse.fr\/wp-content\/uploads\/2026\/04\/Foto-14.04.26-16-30-11-scaled.jpg\" data-elementor-open-lightbox=\"yes\" data-elementor-lightbox-slideshow=\"f0313cf\" data-elementor-lightbox-title=\"Foto 14.04.26, 16 30 11\" data-e-action-hash=\"#elementor-action%3Aaction%3Dlightbox%26settings%3DeyJpZCI6MTQxNDQsInVybCI6Imh0dHBzOlwvXC93d3cucHJvdGVzdGFudHNtdWxob3VzZS5mclwvd3AtY29udGVudFwvdXBsb2Fkc1wvMjAyNlwvMDRcL0ZvdG8tMTQuMDQuMjYtMTYtMzAtMTEtc2NhbGVkLmpwZyIsInNsaWRlc2hvdyI6ImYwMzEzY2YifQ%3D%3D\">\n\t\t\t\t\t<div class=\"e-gallery-image elementor-gallery-item__image\" data-thumbnail=\"https:\/\/www.protestantsmulhouse.fr\/wp-content\/uploads\/2026\/04\/Foto-14.04.26-16-30-11-300x225.jpg\" data-width=\"300\" data-height=\"225\" aria-label=\"\" role=\"img\" ><\/div>\n\t\t\t\t\t\t\t\t\t\t\t<div class=\"elementor-gallery-item__overlay\"><\/div>\n\t\t\t\t\t\t\t\t\t\t\t\t\t\t<\/a>\n\t\t\t\t\t\t\t<a class=\"e-gallery-item elementor-gallery-item elementor-animated-content\" href=\"https:\/\/www.protestantsmulhouse.fr\/wp-content\/uploads\/2026\/04\/Foto-14.04.26-18-18-57-scaled.jpg\" data-elementor-open-lightbox=\"yes\" data-elementor-lightbox-slideshow=\"f0313cf\" data-elementor-lightbox-title=\"Foto 14.04.26, 18 18 57\" data-e-action-hash=\"#elementor-action%3Aaction%3Dlightbox%26settings%3DeyJpZCI6MTQxNDUsInVybCI6Imh0dHBzOlwvXC93d3cucHJvdGVzdGFudHNtdWxob3VzZS5mclwvd3AtY29udGVudFwvdXBsb2Fkc1wvMjAyNlwvMDRcL0ZvdG8tMTQuMDQuMjYtMTgtMTgtNTctc2NhbGVkLmpwZyIsInNsaWRlc2hvdyI6ImYwMzEzY2YifQ%3D%3D\">\n\t\t\t\t\t<div class=\"e-gallery-image elementor-gallery-item__image\" data-thumbnail=\"https:\/\/www.protestantsmulhouse.fr\/wp-content\/uploads\/2026\/04\/Foto-14.04.26-18-18-57-225x300.jpg\" data-width=\"225\" data-height=\"300\" aria-label=\"\" role=\"img\" ><\/div>\n\t\t\t\t\t\t\t\t\t\t\t<div class=\"elementor-gallery-item__overlay\"><\/div>\n\t\t\t\t\t\t\t\t\t\t\t\t\t\t<\/a>\n\t\t\t\t\t\t\t<a class=\"e-gallery-item elementor-gallery-item elementor-animated-content\" href=\"https:\/\/www.protestantsmulhouse.fr\/wp-content\/uploads\/2026\/04\/Foto-14.04.26-18-21-05-scaled.jpg\" data-elementor-open-lightbox=\"yes\" data-elementor-lightbox-slideshow=\"f0313cf\" data-elementor-lightbox-title=\"Foto 14.04.26, 18 21 05\" data-e-action-hash=\"#elementor-action%3Aaction%3Dlightbox%26settings%3DeyJpZCI6MTQxNDYsInVybCI6Imh0dHBzOlwvXC93d3cucHJvdGVzdGFudHNtdWxob3VzZS5mclwvd3AtY29udGVudFwvdXBsb2Fkc1wvMjAyNlwvMDRcL0ZvdG8tMTQuMDQuMjYtMTgtMjEtMDUtc2NhbGVkLmpwZyIsInNsaWRlc2hvdyI6ImYwMzEzY2YifQ%3D%3D\">\n\t\t\t\t\t<div class=\"e-gallery-image elementor-gallery-item__image\" data-thumbnail=\"https:\/\/www.protestantsmulhouse.fr\/wp-content\/uploads\/2026\/04\/Foto-14.04.26-18-21-05-300x225.jpg\" data-width=\"300\" data-height=\"225\" aria-label=\"\" role=\"img\" ><\/div>\n\t\t\t\t\t\t\t\t\t\t\t<div class=\"elementor-gallery-item__overlay\"><\/div>\n\t\t\t\t\t\t\t\t\t\t\t\t\t\t<\/a>\n\t\t\t\t\t\t\t<a class=\"e-gallery-item elementor-gallery-item elementor-animated-content\" href=\"https:\/\/www.protestantsmulhouse.fr\/wp-content\/uploads\/2026\/04\/Foto-14.04.26-18-22-12-scaled.jpg\" data-elementor-open-lightbox=\"yes\" data-elementor-lightbox-slideshow=\"f0313cf\" data-elementor-lightbox-title=\"Foto 14.04.26, 18 22 12\" data-e-action-hash=\"#elementor-action%3Aaction%3Dlightbox%26settings%3DeyJpZCI6MTQxNDcsInVybCI6Imh0dHBzOlwvXC93d3cucHJvdGVzdGFudHNtdWxob3VzZS5mclwvd3AtY29udGVudFwvdXBsb2Fkc1wvMjAyNlwvMDRcL0ZvdG8tMTQuMDQuMjYtMTgtMjItMTItc2NhbGVkLmpwZyIsInNsaWRlc2hvdyI6ImYwMzEzY2YifQ%3D%3D\">\n\t\t\t\t\t<div class=\"e-gallery-image elementor-gallery-item__image\" data-thumbnail=\"https:\/\/www.protestantsmulhouse.fr\/wp-content\/uploads\/2026\/04\/Foto-14.04.26-18-22-12-225x300.jpg\" data-width=\"225\" data-height=\"300\" aria-label=\"\" role=\"img\" ><\/div>\n\t\t\t\t\t\t\t\t\t\t\t<div class=\"elementor-gallery-item__overlay\"><\/div>\n\t\t\t\t\t\t\t\t\t\t\t\t\t\t<\/a>\n\t\t\t\t\t\t\t<a class=\"e-gallery-item elementor-gallery-item elementor-animated-content\" href=\"https:\/\/www.protestantsmulhouse.fr\/wp-content\/uploads\/2026\/04\/Foto-14.04.26-18-33-08-scaled.jpg\" data-elementor-open-lightbox=\"yes\" data-elementor-lightbox-slideshow=\"f0313cf\" data-elementor-lightbox-title=\"Foto 14.04.26, 18 33 08\" data-e-action-hash=\"#elementor-action%3Aaction%3Dlightbox%26settings%3DeyJpZCI6MTQxNDgsInVybCI6Imh0dHBzOlwvXC93d3cucHJvdGVzdGFudHNtdWxob3VzZS5mclwvd3AtY29udGVudFwvdXBsb2Fkc1wvMjAyNlwvMDRcL0ZvdG8tMTQuMDQuMjYtMTgtMzMtMDgtc2NhbGVkLmpwZyIsInNsaWRlc2hvdyI6ImYwMzEzY2YifQ%3D%3D\">\n\t\t\t\t\t<div class=\"e-gallery-image elementor-gallery-item__image\" data-thumbnail=\"https:\/\/www.protestantsmulhouse.fr\/wp-content\/uploads\/2026\/04\/Foto-14.04.26-18-33-08-300x225.jpg\" data-width=\"300\" data-height=\"225\" aria-label=\"\" role=\"img\" ><\/div>\n\t\t\t\t\t\t\t\t\t\t\t<div class=\"elementor-gallery-item__overlay\"><\/div>\n\t\t\t\t\t\t\t\t\t\t\t\t\t\t<\/a>\n\t\t\t\t\t\t\t<a class=\"e-gallery-item elementor-gallery-item elementor-animated-content\" href=\"https:\/\/www.protestantsmulhouse.fr\/wp-content\/uploads\/2026\/04\/Foto-14.04.26-18-37-21-scaled.jpg\" data-elementor-open-lightbox=\"yes\" data-elementor-lightbox-slideshow=\"f0313cf\" data-elementor-lightbox-title=\"Foto 14.04.26, 18 37 21\" data-e-action-hash=\"#elementor-action%3Aaction%3Dlightbox%26settings%3DeyJpZCI6MTQxNDksInVybCI6Imh0dHBzOlwvXC93d3cucHJvdGVzdGFudHNtdWxob3VzZS5mclwvd3AtY29udGVudFwvdXBsb2Fkc1wvMjAyNlwvMDRcL0ZvdG8tMTQuMDQuMjYtMTgtMzctMjEtc2NhbGVkLmpwZyIsInNsaWRlc2hvdyI6ImYwMzEzY2YifQ%3D%3D\">\n\t\t\t\t\t<div class=\"e-gallery-image elementor-gallery-item__image\" data-thumbnail=\"https:\/\/www.protestantsmulhouse.fr\/wp-content\/uploads\/2026\/04\/Foto-14.04.26-18-37-21-300x225.jpg\" data-width=\"300\" data-height=\"225\" aria-label=\"\" role=\"img\" ><\/div>\n\t\t\t\t\t\t\t\t\t\t\t<div class=\"elementor-gallery-item__overlay\"><\/div>\n\t\t\t\t\t\t\t\t\t\t\t\t\t\t<\/a>\n\t\t\t\t\t<\/div>\n\t\t\t\t\t<\/div>\n\t\t\t\t<\/div>\n\t\t\t\t<div class=\"elementor-element elementor-element-9103417 elementor-widget elementor-widget-text-editor\" data-id=\"9103417\" data-element_type=\"widget\" data-e-type=\"widget\" data-widget_type=\"text-editor.default\">\n\t\t\t\t<div class=\"elementor-widget-container\">\n\t\t\t\t\t\t\t\t\t<p style=\"text-align: center;\">\u00a0<\/p><p style=\"text-align: center;\">Le mercredi 15 avril nous sommes retourn\u00e9s \u00e0 Gen\u00e8ve<br \/>pour la d\u00e9couverte de l&#8217;EPG : l&#8217;Eglise Protestante de Gen\u00e8ve.<\/p><p style=\"text-align: center;\">Premier rendez-vous \u00e0 l&#8217;antenne LGBTI de l&#8217;EPG<br \/>o\u00f9 nous avons \u00e9t\u00e9 accuillis par Adrian STIEFEL et David DEMARTIN<br \/>qui nous ont pr\u00e9sent\u00e9 leur paroisse et activit\u00e9s paroissiales.<\/p><p style=\"text-align: center;\">Ensuite nous sommes partis \u00e0 l&#8217;auditoire Jean-Calvin<br \/>pour d\u00e9couvrir l&#8217;\u00e9glise des enfants avec Sandrine LANDEAU<br \/>avant de d\u00e9jeuner&#8230; Assez tard&#8230;<\/p><p style=\"text-align: center;\">Enfin nous avons eu une pr\u00e9sentation de l&#8217;Eglise Protestante de Gen\u00e8ve<br \/>par la pr\u00e9sidente de l&#8217;EPG :Chantal EBERLE.<\/p><p style=\"text-align: center;\">Chacun est reparti de l\u00e0 pour une nouvelle balade dans Gen\u00e8ve,<br \/>avec un rendez-vous sur le bord du lac.<\/p><p style=\"text-align: center;\">\u00a0<\/p>\t\t\t\t\t\t\t\t<\/div>\n\t\t\t\t<\/div>\n\t\t\t\t<div class=\"elementor-element elementor-element-2f1ff19 elementor-widget elementor-widget-gallery\" data-id=\"2f1ff19\" data-element_type=\"widget\" data-e-type=\"widget\" data-settings=\"{&quot;gap&quot;:{&quot;unit&quot;:&quot;px&quot;,&quot;size&quot;:0,&quot;sizes&quot;:[]},&quot;lazyload&quot;:&quot;yes&quot;,&quot;gallery_layout&quot;:&quot;grid&quot;,&quot;columns&quot;:4,&quot;columns_tablet&quot;:2,&quot;columns_mobile&quot;:1,&quot;gap_tablet&quot;:{&quot;unit&quot;:&quot;px&quot;,&quot;size&quot;:10,&quot;sizes&quot;:[]},&quot;gap_mobile&quot;:{&quot;unit&quot;:&quot;px&quot;,&quot;size&quot;:10,&quot;sizes&quot;:[]},&quot;link_to&quot;:&quot;file&quot;,&quot;aspect_ratio&quot;:&quot;3:2&quot;,&quot;overlay_background&quot;:&quot;yes&quot;,&quot;content_hover_animation&quot;:&quot;fade-in&quot;}\" data-widget_type=\"gallery.default\">\n\t\t\t\t<div class=\"elementor-widget-container\">\n\t\t\t\t\t\t\t<div class=\"elementor-gallery__container\">\n\t\t\t\t\t\t\t<a class=\"e-gallery-item elementor-gallery-item elementor-animated-content\" href=\"https:\/\/www.protestantsmulhouse.fr\/wp-content\/uploads\/2026\/04\/Foto-15.04.26-13-29-42-scaled.jpg\" data-elementor-open-lightbox=\"yes\" data-elementor-lightbox-slideshow=\"2f1ff19\" data-elementor-lightbox-title=\"Foto 15.04.26, 13 29 42\" data-e-action-hash=\"#elementor-action%3Aaction%3Dlightbox%26settings%3DeyJpZCI6MTQxNTEsInVybCI6Imh0dHBzOlwvXC93d3cucHJvdGVzdGFudHNtdWxob3VzZS5mclwvd3AtY29udGVudFwvdXBsb2Fkc1wvMjAyNlwvMDRcL0ZvdG8tMTUuMDQuMjYtMTMtMjktNDItc2NhbGVkLmpwZyIsInNsaWRlc2hvdyI6IjJmMWZmMTkifQ%3D%3D\">\n\t\t\t\t\t<div class=\"e-gallery-image elementor-gallery-item__image\" data-thumbnail=\"https:\/\/www.protestantsmulhouse.fr\/wp-content\/uploads\/2026\/04\/Foto-15.04.26-13-29-42-300x225.jpg\" data-width=\"300\" data-height=\"225\" aria-label=\"\" role=\"img\" ><\/div>\n\t\t\t\t\t\t\t\t\t\t\t<div class=\"elementor-gallery-item__overlay\"><\/div>\n\t\t\t\t\t\t\t\t\t\t\t\t\t\t<\/a>\n\t\t\t\t\t\t\t<a class=\"e-gallery-item elementor-gallery-item elementor-animated-content\" href=\"https:\/\/www.protestantsmulhouse.fr\/wp-content\/uploads\/2026\/04\/Foto-15.04.26-13-31-52-scaled.jpg\" data-elementor-open-lightbox=\"yes\" data-elementor-lightbox-slideshow=\"2f1ff19\" data-elementor-lightbox-title=\"Foto 15.04.26, 13 31 52\" data-e-action-hash=\"#elementor-action%3Aaction%3Dlightbox%26settings%3DeyJpZCI6MTQxNTIsInVybCI6Imh0dHBzOlwvXC93d3cucHJvdGVzdGFudHNtdWxob3VzZS5mclwvd3AtY29udGVudFwvdXBsb2Fkc1wvMjAyNlwvMDRcL0ZvdG8tMTUuMDQuMjYtMTMtMzEtNTItc2NhbGVkLmpwZyIsInNsaWRlc2hvdyI6IjJmMWZmMTkifQ%3D%3D\">\n\t\t\t\t\t<div class=\"e-gallery-image elementor-gallery-item__image\" data-thumbnail=\"https:\/\/www.protestantsmulhouse.fr\/wp-content\/uploads\/2026\/04\/Foto-15.04.26-13-31-52-225x300.jpg\" data-width=\"225\" data-height=\"300\" aria-label=\"\" role=\"img\" ><\/div>\n\t\t\t\t\t\t\t\t\t\t\t<div class=\"elementor-gallery-item__overlay\"><\/div>\n\t\t\t\t\t\t\t\t\t\t\t\t\t\t<\/a>\n\t\t\t\t\t\t\t<a class=\"e-gallery-item elementor-gallery-item elementor-animated-content\" href=\"https:\/\/www.protestantsmulhouse.fr\/wp-content\/uploads\/2026\/04\/Foto-15.04.26-16-07-07-scaled.jpg\" data-elementor-open-lightbox=\"yes\" data-elementor-lightbox-slideshow=\"2f1ff19\" data-elementor-lightbox-title=\"Foto 15.04.26, 16 07 07\" data-e-action-hash=\"#elementor-action%3Aaction%3Dlightbox%26settings%3DeyJpZCI6MTQxNTMsInVybCI6Imh0dHBzOlwvXC93d3cucHJvdGVzdGFudHNtdWxob3VzZS5mclwvd3AtY29udGVudFwvdXBsb2Fkc1wvMjAyNlwvMDRcL0ZvdG8tMTUuMDQuMjYtMTYtMDctMDctc2NhbGVkLmpwZyIsInNsaWRlc2hvdyI6IjJmMWZmMTkifQ%3D%3D\">\n\t\t\t\t\t<div class=\"e-gallery-image elementor-gallery-item__image\" data-thumbnail=\"https:\/\/www.protestantsmulhouse.fr\/wp-content\/uploads\/2026\/04\/Foto-15.04.26-16-07-07-225x300.jpg\" data-width=\"225\" data-height=\"300\" aria-label=\"\" role=\"img\" ><\/div>\n\t\t\t\t\t\t\t\t\t\t\t<div class=\"elementor-gallery-item__overlay\"><\/div>\n\t\t\t\t\t\t\t\t\t\t\t\t\t\t<\/a>\n\t\t\t\t\t\t\t<a class=\"e-gallery-item elementor-gallery-item elementor-animated-content\" href=\"https:\/\/www.protestantsmulhouse.fr\/wp-content\/uploads\/2026\/04\/260413-Eglise-des-enfants-2.jpeg\" data-elementor-open-lightbox=\"yes\" data-elementor-lightbox-slideshow=\"2f1ff19\" data-elementor-lightbox-title=\"260413 E\u0301glise des enfants 2\" data-e-action-hash=\"#elementor-action%3Aaction%3Dlightbox%26settings%3DeyJpZCI6MTMwNTMsInVybCI6Imh0dHBzOlwvXC93d3cucHJvdGVzdGFudHNtdWxob3VzZS5mclwvd3AtY29udGVudFwvdXBsb2Fkc1wvMjAyNlwvMDRcLzI2MDQxMy1FZ2xpc2UtZGVzLWVuZmFudHMtMi5qcGVnIiwic2xpZGVzaG93IjoiMmYxZmYxOSJ9\">\n\t\t\t\t\t<div class=\"e-gallery-image elementor-gallery-item__image\" data-thumbnail=\"https:\/\/www.protestantsmulhouse.fr\/wp-content\/uploads\/2026\/04\/260413-Eglise-des-enfants-2-225x300.jpeg\" data-width=\"225\" data-height=\"300\" aria-label=\"\" role=\"img\" ><\/div>\n\t\t\t\t\t\t\t\t\t\t\t<div class=\"elementor-gallery-item__overlay\"><\/div>\n\t\t\t\t\t\t\t\t\t\t\t\t\t\t<\/a>\n\t\t\t\t\t\t\t<a class=\"e-gallery-item elementor-gallery-item elementor-animated-content\" href=\"https:\/\/www.protestantsmulhouse.fr\/wp-content\/uploads\/2026\/04\/260413-Eglise-des-enfants-3.jpeg\" data-elementor-open-lightbox=\"yes\" data-elementor-lightbox-slideshow=\"2f1ff19\" data-elementor-lightbox-title=\"260413 E\u0301glise des enfants 3\" data-e-action-hash=\"#elementor-action%3Aaction%3Dlightbox%26settings%3DeyJpZCI6MTMwNTQsInVybCI6Imh0dHBzOlwvXC93d3cucHJvdGVzdGFudHNtdWxob3VzZS5mclwvd3AtY29udGVudFwvdXBsb2Fkc1wvMjAyNlwvMDRcLzI2MDQxMy1FZ2xpc2UtZGVzLWVuZmFudHMtMy5qcGVnIiwic2xpZGVzaG93IjoiMmYxZmYxOSJ9\">\n\t\t\t\t\t<div class=\"e-gallery-image elementor-gallery-item__image\" data-thumbnail=\"https:\/\/www.protestantsmulhouse.fr\/wp-content\/uploads\/2026\/04\/260413-Eglise-des-enfants-3-225x300.jpeg\" data-width=\"225\" data-height=\"300\" aria-label=\"\" role=\"img\" ><\/div>\n\t\t\t\t\t\t\t\t\t\t\t<div class=\"elementor-gallery-item__overlay\"><\/div>\n\t\t\t\t\t\t\t\t\t\t\t\t\t\t<\/a>\n\t\t\t\t\t\t\t<a class=\"e-gallery-item elementor-gallery-item elementor-animated-content\" href=\"https:\/\/www.protestantsmulhouse.fr\/wp-content\/uploads\/2026\/04\/260418-Jet-deau-Geneve-1.jpeg\" data-elementor-open-lightbox=\"yes\" data-elementor-lightbox-slideshow=\"2f1ff19\" data-elementor-lightbox-title=\"260418 Jet d&#039;eau Gene\u0300ve 1\" data-e-action-hash=\"#elementor-action%3Aaction%3Dlightbox%26settings%3DeyJpZCI6MTMwNTUsInVybCI6Imh0dHBzOlwvXC93d3cucHJvdGVzdGFudHNtdWxob3VzZS5mclwvd3AtY29udGVudFwvdXBsb2Fkc1wvMjAyNlwvMDRcLzI2MDQxOC1KZXQtZGVhdS1HZW5ldmUtMS5qcGVnIiwic2xpZGVzaG93IjoiMmYxZmYxOSJ9\">\n\t\t\t\t\t<div class=\"e-gallery-image elementor-gallery-item__image\" data-thumbnail=\"https:\/\/www.protestantsmulhouse.fr\/wp-content\/uploads\/2026\/04\/260418-Jet-deau-Geneve-1-225x300.jpeg\" data-width=\"225\" data-height=\"300\" aria-label=\"\" role=\"img\" ><\/div>\n\t\t\t\t\t\t\t\t\t\t\t<div class=\"elementor-gallery-item__overlay\"><\/div>\n\t\t\t\t\t\t\t\t\t\t\t\t\t\t<\/a>\n\t\t\t\t\t\t\t<a class=\"e-gallery-item elementor-gallery-item elementor-animated-content\" href=\"https:\/\/www.protestantsmulhouse.fr\/wp-content\/uploads\/2026\/04\/260418-Jet-deau-Geneve-2.jpeg\" data-elementor-open-lightbox=\"yes\" data-elementor-lightbox-slideshow=\"2f1ff19\" data-elementor-lightbox-title=\"260418 Jet d&#039;eau Gene\u0300ve 2\" data-e-action-hash=\"#elementor-action%3Aaction%3Dlightbox%26settings%3DeyJpZCI6MTMwNTYsInVybCI6Imh0dHBzOlwvXC93d3cucHJvdGVzdGFudHNtdWxob3VzZS5mclwvd3AtY29udGVudFwvdXBsb2Fkc1wvMjAyNlwvMDRcLzI2MDQxOC1KZXQtZGVhdS1HZW5ldmUtMi5qcGVnIiwic2xpZGVzaG93IjoiMmYxZmYxOSJ9\">\n\t\t\t\t\t<div class=\"e-gallery-image elementor-gallery-item__image\" data-thumbnail=\"https:\/\/www.protestantsmulhouse.fr\/wp-content\/uploads\/2026\/04\/260418-Jet-deau-Geneve-2-225x300.jpeg\" data-width=\"225\" data-height=\"300\" aria-label=\"\" role=\"img\" ><\/div>\n\t\t\t\t\t\t\t\t\t\t\t<div class=\"elementor-gallery-item__overlay\"><\/div>\n\t\t\t\t\t\t\t\t\t\t\t\t\t\t<\/a>\n\t\t\t\t\t\t\t<a class=\"e-gallery-item elementor-gallery-item elementor-animated-content\" href=\"https:\/\/www.protestantsmulhouse.fr\/wp-content\/uploads\/2026\/04\/Foto-15.04.26-13-13-19-scaled.jpg\" data-elementor-open-lightbox=\"yes\" data-elementor-lightbox-slideshow=\"2f1ff19\" data-elementor-lightbox-title=\"Foto 15.04.26, 13 13 19\" data-e-action-hash=\"#elementor-action%3Aaction%3Dlightbox%26settings%3DeyJpZCI6MTQxNTAsInVybCI6Imh0dHBzOlwvXC93d3cucHJvdGVzdGFudHNtdWxob3VzZS5mclwvd3AtY29udGVudFwvdXBsb2Fkc1wvMjAyNlwvMDRcL0ZvdG8tMTUuMDQuMjYtMTMtMTMtMTktc2NhbGVkLmpwZyIsInNsaWRlc2hvdyI6IjJmMWZmMTkifQ%3D%3D\">\n\t\t\t\t\t<div class=\"e-gallery-image elementor-gallery-item__image\" data-thumbnail=\"https:\/\/www.protestantsmulhouse.fr\/wp-content\/uploads\/2026\/04\/Foto-15.04.26-13-13-19-300x225.jpg\" data-width=\"300\" data-height=\"225\" aria-label=\"\" role=\"img\" ><\/div>\n\t\t\t\t\t\t\t\t\t\t\t<div class=\"elementor-gallery-item__overlay\"><\/div>\n\t\t\t\t\t\t\t\t\t\t\t\t\t\t<\/a>\n\t\t\t\t\t<\/div>\n\t\t\t\t\t<\/div>\n\t\t\t\t<\/div>\n\t\t\t\t<div class=\"elementor-element elementor-element-9dfb44f elementor-widget elementor-widget-text-editor\" data-id=\"9dfb44f\" data-element_type=\"widget\" data-e-type=\"widget\" data-widget_type=\"text-editor.default\">\n\t\t\t\t<div class=\"elementor-widget-container\">\n\t\t\t\t\t\t\t\t\t<p style=\"text-align: center;\">\u00a0<\/p><p style=\"text-align: center;\">Apr\u00e8s une forte insistance des jeunes et une petite n\u00e9gociation&#8230; \ud83d\ude09\u00a0<br \/>nous avons d\u00een\u00e9 le soir au Tasty-Crousty d&#8217;Annemasse.<\/p><p style=\"text-align: center;\">\u00a0<\/p>\t\t\t\t\t\t\t\t<\/div>\n\t\t\t\t<\/div>\n\t\t\t\t<div class=\"elementor-element elementor-element-d989ab5 elementor-widget elementor-widget-image\" data-id=\"d989ab5\" data-element_type=\"widget\" data-e-type=\"widget\" data-widget_type=\"image.default\">\n\t\t\t\t<div class=\"elementor-widget-container\">\n\t\t\t\t\t\t\t\t\t\t\t\t\t\t\t<img decoding=\"async\" width=\"680\" height=\"510\" src=\"https:\/\/www.protestantsmulhouse.fr\/wp-content\/uploads\/2026\/04\/260415-Tasty-Crousty-1024x768.jpeg\" class=\"attachment-large size-large wp-image-13046\" alt=\"\" srcset=\"https:\/\/www.protestantsmulhouse.fr\/wp-content\/uploads\/2026\/04\/260415-Tasty-Crousty-1024x768.jpeg 1024w, https:\/\/www.protestantsmulhouse.fr\/wp-content\/uploads\/2026\/04\/260415-Tasty-Crousty-300x225.jpeg 300w, https:\/\/www.protestantsmulhouse.fr\/wp-content\/uploads\/2026\/04\/260415-Tasty-Crousty-768x576.jpeg 768w, https:\/\/www.protestantsmulhouse.fr\/wp-content\/uploads\/2026\/04\/260415-Tasty-Crousty-1536x1152.jpeg 1536w, https:\/\/www.protestantsmulhouse.fr\/wp-content\/uploads\/2026\/04\/260415-Tasty-Crousty-2048x1536.jpeg 2048w, https:\/\/www.protestantsmulhouse.fr\/wp-content\/uploads\/2026\/04\/260415-Tasty-Crousty-16x12.jpeg 16w, https:\/\/www.protestantsmulhouse.fr\/wp-content\/uploads\/2026\/04\/260415-Tasty-Crousty-958x719.jpeg 958w\" sizes=\"(max-width: 680px) 100vw, 680px\" \/>\t\t\t\t\t\t\t\t\t\t\t\t\t\t\t<\/div>\n\t\t\t\t<\/div>\n\t\t\t\t<div class=\"elementor-element elementor-element-4a51b9b elementor-widget-divider--view-line elementor-widget elementor-widget-divider\" data-id=\"4a51b9b\" data-element_type=\"widget\" data-e-type=\"widget\" data-widget_type=\"divider.default\">\n\t\t\t\t<div class=\"elementor-widget-container\">\n\t\t\t\t\t\t\t<div class=\"elementor-divider\">\n\t\t\t<span class=\"elementor-divider-separator\">\n\t\t\t\t\t\t<\/span>\n\t\t<\/div>\n\t\t\t\t\t\t<\/div>\n\t\t\t\t<\/div>\n\t\t\t\t<div class=\"elementor-element elementor-element-6587a05 elementor-widget elementor-widget-heading\" data-id=\"6587a05\" data-element_type=\"widget\" data-e-type=\"widget\" data-widget_type=\"heading.default\">\n\t\t\t\t<div class=\"elementor-widget-container\">\n\t\t\t\t\t<h1 class=\"elementor-heading-title elementor-size-default\">Quelques images en vrac des lieux visit\u00e9s<\/h1>\t\t\t\t<\/div>\n\t\t\t\t<\/div>\n\t\t\t\t<div class=\"elementor-element elementor-element-02ec321 elementor-widget elementor-widget-gallery\" data-id=\"02ec321\" data-element_type=\"widget\" data-e-type=\"widget\" data-settings=\"{&quot;columns&quot;:3,&quot;gap&quot;:{&quot;unit&quot;:&quot;px&quot;,&quot;size&quot;:0,&quot;sizes&quot;:[]},&quot;lazyload&quot;:&quot;yes&quot;,&quot;gallery_layout&quot;:&quot;grid&quot;,&quot;columns_tablet&quot;:2,&quot;columns_mobile&quot;:1,&quot;gap_tablet&quot;:{&quot;unit&quot;:&quot;px&quot;,&quot;size&quot;:10,&quot;sizes&quot;:[]},&quot;gap_mobile&quot;:{&quot;unit&quot;:&quot;px&quot;,&quot;size&quot;:10,&quot;sizes&quot;:[]},&quot;link_to&quot;:&quot;file&quot;,&quot;aspect_ratio&quot;:&quot;3:2&quot;,&quot;overlay_background&quot;:&quot;yes&quot;,&quot;content_hover_animation&quot;:&quot;fade-in&quot;}\" data-widget_type=\"gallery.default\">\n\t\t\t\t<div class=\"elementor-widget-container\">\n\t\t\t\t\t\t\t<div class=\"elementor-gallery__container\">\n\t\t\t\t\t\t\t<a class=\"e-gallery-item elementor-gallery-item elementor-animated-content\" href=\"https:\/\/www.protestantsmulhouse.fr\/wp-content\/uploads\/2026\/04\/Foto-12.04.26-16-40-17-scaled.jpg\" data-elementor-open-lightbox=\"yes\" data-elementor-lightbox-slideshow=\"02ec321\" data-elementor-lightbox-title=\"Foto 12.04.26, 16 40 17\" data-e-action-hash=\"#elementor-action%3Aaction%3Dlightbox%26settings%3DeyJpZCI6MTQxNzIsInVybCI6Imh0dHBzOlwvXC93d3cucHJvdGVzdGFudHNtdWxob3VzZS5mclwvd3AtY29udGVudFwvdXBsb2Fkc1wvMjAyNlwvMDRcL0ZvdG8tMTIuMDQuMjYtMTYtNDAtMTctc2NhbGVkLmpwZyIsInNsaWRlc2hvdyI6IjAyZWMzMjEifQ%3D%3D\">\n\t\t\t\t\t<div class=\"e-gallery-image elementor-gallery-item__image\" data-thumbnail=\"https:\/\/www.protestantsmulhouse.fr\/wp-content\/uploads\/2026\/04\/Foto-12.04.26-16-40-17-225x300.jpg\" data-width=\"225\" data-height=\"300\" aria-label=\"\" role=\"img\" ><\/div>\n\t\t\t\t\t\t\t\t\t\t\t<div class=\"elementor-gallery-item__overlay\"><\/div>\n\t\t\t\t\t\t\t\t\t\t\t\t\t\t<\/a>\n\t\t\t\t\t\t\t<a class=\"e-gallery-item elementor-gallery-item elementor-animated-content\" href=\"https:\/\/www.protestantsmulhouse.fr\/wp-content\/uploads\/2026\/04\/260418-Cathedrale-3.jpeg\" data-elementor-open-lightbox=\"yes\" data-elementor-lightbox-slideshow=\"02ec321\" data-elementor-lightbox-title=\"260418 Cathe\u0301drale 3\" data-e-action-hash=\"#elementor-action%3Aaction%3Dlightbox%26settings%3DeyJpZCI6MTI5NDMsInVybCI6Imh0dHBzOlwvXC93d3cucHJvdGVzdGFudHNtdWxob3VzZS5mclwvd3AtY29udGVudFwvdXBsb2Fkc1wvMjAyNlwvMDRcLzI2MDQxOC1DYXRoZWRyYWxlLTMuanBlZyIsInNsaWRlc2hvdyI6IjAyZWMzMjEifQ%3D%3D\">\n\t\t\t\t\t<div class=\"e-gallery-image elementor-gallery-item__image\" data-thumbnail=\"https:\/\/www.protestantsmulhouse.fr\/wp-content\/uploads\/2026\/04\/260418-Cathedrale-3-225x300.jpeg\" data-width=\"225\" data-height=\"300\" aria-label=\"\" role=\"img\" ><\/div>\n\t\t\t\t\t\t\t\t\t\t\t<div class=\"elementor-gallery-item__overlay\"><\/div>\n\t\t\t\t\t\t\t\t\t\t\t\t\t\t<\/a>\n\t\t\t\t\t\t\t<a class=\"e-gallery-item elementor-gallery-item elementor-animated-content\" href=\"https:\/\/www.protestantsmulhouse.fr\/wp-content\/uploads\/2026\/04\/260418-Cathedrale-4.jpeg\" data-elementor-open-lightbox=\"yes\" data-elementor-lightbox-slideshow=\"02ec321\" data-elementor-lightbox-title=\"260418 Cathe\u0301drale 4\" data-e-action-hash=\"#elementor-action%3Aaction%3Dlightbox%26settings%3DeyJpZCI6MTI5NDQsInVybCI6Imh0dHBzOlwvXC93d3cucHJvdGVzdGFudHNtdWxob3VzZS5mclwvd3AtY29udGVudFwvdXBsb2Fkc1wvMjAyNlwvMDRcLzI2MDQxOC1DYXRoZWRyYWxlLTQuanBlZyIsInNsaWRlc2hvdyI6IjAyZWMzMjEifQ%3D%3D\">\n\t\t\t\t\t<div class=\"e-gallery-image elementor-gallery-item__image\" data-thumbnail=\"https:\/\/www.protestantsmulhouse.fr\/wp-content\/uploads\/2026\/04\/260418-Cathedrale-4-300x225.jpeg\" data-width=\"300\" data-height=\"225\" aria-label=\"\" role=\"img\" ><\/div>\n\t\t\t\t\t\t\t\t\t\t\t<div class=\"elementor-gallery-item__overlay\"><\/div>\n\t\t\t\t\t\t\t\t\t\t\t\t\t\t<\/a>\n\t\t\t\t\t\t\t<a class=\"e-gallery-item elementor-gallery-item elementor-animated-content\" href=\"https:\/\/www.protestantsmulhouse.fr\/wp-content\/uploads\/2026\/04\/260418-Cathedrale-1.jpeg\" data-elementor-open-lightbox=\"yes\" data-elementor-lightbox-slideshow=\"02ec321\" data-elementor-lightbox-title=\"260418 Cathe\u0301drale 1\" data-e-action-hash=\"#elementor-action%3Aaction%3Dlightbox%26settings%3DeyJpZCI6MTI5NDEsInVybCI6Imh0dHBzOlwvXC93d3cucHJvdGVzdGFudHNtdWxob3VzZS5mclwvd3AtY29udGVudFwvdXBsb2Fkc1wvMjAyNlwvMDRcLzI2MDQxOC1DYXRoZWRyYWxlLTEuanBlZyIsInNsaWRlc2hvdyI6IjAyZWMzMjEifQ%3D%3D\">\n\t\t\t\t\t<div class=\"e-gallery-image elementor-gallery-item__image\" data-thumbnail=\"https:\/\/www.protestantsmulhouse.fr\/wp-content\/uploads\/2026\/04\/260418-Cathedrale-1-300x225.jpeg\" data-width=\"300\" data-height=\"225\" aria-label=\"\" role=\"img\" ><\/div>\n\t\t\t\t\t\t\t\t\t\t\t<div class=\"elementor-gallery-item__overlay\"><\/div>\n\t\t\t\t\t\t\t\t\t\t\t\t\t\t<\/a>\n\t\t\t\t\t\t\t<a class=\"e-gallery-item elementor-gallery-item elementor-animated-content\" href=\"https:\/\/www.protestantsmulhouse.fr\/wp-content\/uploads\/2026\/04\/260418-Cathedrale-2.jpeg\" data-elementor-open-lightbox=\"yes\" data-elementor-lightbox-slideshow=\"02ec321\" data-elementor-lightbox-title=\"260418 Cathe\u0301drale 2\" data-e-action-hash=\"#elementor-action%3Aaction%3Dlightbox%26settings%3DeyJpZCI6MTI5NDIsInVybCI6Imh0dHBzOlwvXC93d3cucHJvdGVzdGFudHNtdWxob3VzZS5mclwvd3AtY29udGVudFwvdXBsb2Fkc1wvMjAyNlwvMDRcLzI2MDQxOC1DYXRoZWRyYWxlLTIuanBlZyIsInNsaWRlc2hvdyI6IjAyZWMzMjEifQ%3D%3D\">\n\t\t\t\t\t<div class=\"e-gallery-image elementor-gallery-item__image\" data-thumbnail=\"https:\/\/www.protestantsmulhouse.fr\/wp-content\/uploads\/2026\/04\/260418-Cathedrale-2-300x225.jpeg\" data-width=\"300\" data-height=\"225\" aria-label=\"\" role=\"img\" ><\/div>\n\t\t\t\t\t\t\t\t\t\t\t<div class=\"elementor-gallery-item__overlay\"><\/div>\n\t\t\t\t\t\t\t\t\t\t\t\t\t\t<\/a>\n\t\t\t\t\t\t\t<a class=\"e-gallery-item elementor-gallery-item elementor-animated-content\" href=\"https:\/\/www.protestantsmulhouse.fr\/wp-content\/uploads\/2026\/04\/260418-Cathedrale-5.jpeg\" data-elementor-open-lightbox=\"yes\" data-elementor-lightbox-slideshow=\"02ec321\" data-elementor-lightbox-title=\"260418 Cathe\u0301drale 5\" data-e-action-hash=\"#elementor-action%3Aaction%3Dlightbox%26settings%3DeyJpZCI6MTI5NDUsInVybCI6Imh0dHBzOlwvXC93d3cucHJvdGVzdGFudHNtdWxob3VzZS5mclwvd3AtY29udGVudFwvdXBsb2Fkc1wvMjAyNlwvMDRcLzI2MDQxOC1DYXRoZWRyYWxlLTUuanBlZyIsInNsaWRlc2hvdyI6IjAyZWMzMjEifQ%3D%3D\">\n\t\t\t\t\t<div class=\"e-gallery-image elementor-gallery-item__image\" data-thumbnail=\"https:\/\/www.protestantsmulhouse.fr\/wp-content\/uploads\/2026\/04\/260418-Cathedrale-5-225x300.jpeg\" data-width=\"225\" data-height=\"300\" aria-label=\"\" role=\"img\" ><\/div>\n\t\t\t\t\t\t\t\t\t\t\t<div class=\"elementor-gallery-item__overlay\"><\/div>\n\t\t\t\t\t\t\t\t\t\t\t\t\t\t<\/a>\n\t\t\t\t\t\t\t<a class=\"e-gallery-item elementor-gallery-item elementor-animated-content\" href=\"https:\/\/www.protestantsmulhouse.fr\/wp-content\/uploads\/2026\/04\/260418-Rosace.jpeg\" data-elementor-open-lightbox=\"yes\" data-elementor-lightbox-slideshow=\"02ec321\" data-elementor-lightbox-title=\"260418 Rosace\" data-e-action-hash=\"#elementor-action%3Aaction%3Dlightbox%26settings%3DeyJpZCI6MTI5NTUsInVybCI6Imh0dHBzOlwvXC93d3cucHJvdGVzdGFudHNtdWxob3VzZS5mclwvd3AtY29udGVudFwvdXBsb2Fkc1wvMjAyNlwvMDRcLzI2MDQxOC1Sb3NhY2UuanBlZyIsInNsaWRlc2hvdyI6IjAyZWMzMjEifQ%3D%3D\">\n\t\t\t\t\t<div class=\"e-gallery-image elementor-gallery-item__image\" data-thumbnail=\"https:\/\/www.protestantsmulhouse.fr\/wp-content\/uploads\/2026\/04\/260418-Rosace-225x300.jpeg\" data-width=\"225\" data-height=\"300\" aria-label=\"\" role=\"img\" ><\/div>\n\t\t\t\t\t\t\t\t\t\t\t<div class=\"elementor-gallery-item__overlay\"><\/div>\n\t\t\t\t\t\t\t\t\t\t\t\t\t\t<\/a>\n\t\t\t\t\t\t\t<a class=\"e-gallery-item elementor-gallery-item elementor-animated-content\" href=\"https:\/\/www.protestantsmulhouse.fr\/wp-content\/uploads\/2026\/04\/260418-Eglise-des-enfants.jpeg\" data-elementor-open-lightbox=\"yes\" data-elementor-lightbox-slideshow=\"02ec321\" data-elementor-lightbox-title=\"260418 E\u0301glise des enfants\" data-e-action-hash=\"#elementor-action%3Aaction%3Dlightbox%26settings%3DeyJpZCI6MTI5NDYsInVybCI6Imh0dHBzOlwvXC93d3cucHJvdGVzdGFudHNtdWxob3VzZS5mclwvd3AtY29udGVudFwvdXBsb2Fkc1wvMjAyNlwvMDRcLzI2MDQxOC1FZ2xpc2UtZGVzLWVuZmFudHMuanBlZyIsInNsaWRlc2hvdyI6IjAyZWMzMjEifQ%3D%3D\">\n\t\t\t\t\t<div class=\"e-gallery-image elementor-gallery-item__image\" data-thumbnail=\"https:\/\/www.protestantsmulhouse.fr\/wp-content\/uploads\/2026\/04\/260418-Eglise-des-enfants-169x300.jpeg\" data-width=\"169\" data-height=\"300\" aria-label=\"\" role=\"img\" ><\/div>\n\t\t\t\t\t\t\t\t\t\t\t<div class=\"elementor-gallery-item__overlay\"><\/div>\n\t\t\t\t\t\t\t\t\t\t\t\t\t\t<\/a>\n\t\t\t\t\t\t\t<a class=\"e-gallery-item elementor-gallery-item elementor-animated-content\" href=\"https:\/\/www.protestantsmulhouse.fr\/wp-content\/uploads\/2026\/04\/260414-Vitrailjpg.jpg\" data-elementor-open-lightbox=\"yes\" data-elementor-lightbox-slideshow=\"02ec321\" data-elementor-lightbox-title=\"260414 Vitrailjpg\" data-e-action-hash=\"#elementor-action%3Aaction%3Dlightbox%26settings%3DeyJpZCI6MTI5NDAsInVybCI6Imh0dHBzOlwvXC93d3cucHJvdGVzdGFudHNtdWxob3VzZS5mclwvd3AtY29udGVudFwvdXBsb2Fkc1wvMjAyNlwvMDRcLzI2MDQxNC1WaXRyYWlsanBnLmpwZyIsInNsaWRlc2hvdyI6IjAyZWMzMjEifQ%3D%3D\">\n\t\t\t\t\t<div class=\"e-gallery-image elementor-gallery-item__image\" data-thumbnail=\"https:\/\/www.protestantsmulhouse.fr\/wp-content\/uploads\/2026\/04\/260414-Vitrailjpg-225x300.jpg\" data-width=\"225\" data-height=\"300\" aria-label=\"\" role=\"img\" ><\/div>\n\t\t\t\t\t\t\t\t\t\t\t<div class=\"elementor-gallery-item__overlay\"><\/div>\n\t\t\t\t\t\t\t\t\t\t\t\t\t\t<\/a>\n\t\t\t\t\t\t\t<a class=\"e-gallery-item elementor-gallery-item elementor-animated-content\" href=\"https:\/\/www.protestantsmulhouse.fr\/wp-content\/uploads\/2026\/04\/260418-Geneve-6.jpeg\" data-elementor-open-lightbox=\"yes\" data-elementor-lightbox-slideshow=\"02ec321\" data-elementor-lightbox-title=\"260418 Gene\u0300ve 6\" data-e-action-hash=\"#elementor-action%3Aaction%3Dlightbox%26settings%3DeyJpZCI6MTI5NTEsInVybCI6Imh0dHBzOlwvXC93d3cucHJvdGVzdGFudHNtdWxob3VzZS5mclwvd3AtY29udGVudFwvdXBsb2Fkc1wvMjAyNlwvMDRcLzI2MDQxOC1HZW5ldmUtNi5qcGVnIiwic2xpZGVzaG93IjoiMDJlYzMyMSJ9\">\n\t\t\t\t\t<div class=\"e-gallery-image elementor-gallery-item__image\" data-thumbnail=\"https:\/\/www.protestantsmulhouse.fr\/wp-content\/uploads\/2026\/04\/260418-Geneve-6-225x300.jpeg\" data-width=\"225\" data-height=\"300\" aria-label=\"\" role=\"img\" ><\/div>\n\t\t\t\t\t\t\t\t\t\t\t<div class=\"elementor-gallery-item__overlay\"><\/div>\n\t\t\t\t\t\t\t\t\t\t\t\t\t\t<\/a>\n\t\t\t\t\t\t\t<a class=\"e-gallery-item elementor-gallery-item elementor-animated-content\" href=\"https:\/\/www.protestantsmulhouse.fr\/wp-content\/uploads\/2026\/04\/260418-Geneve-5.jpeg\" data-elementor-open-lightbox=\"yes\" data-elementor-lightbox-slideshow=\"02ec321\" data-elementor-lightbox-title=\"260418 Gene\u0300ve 5\" data-e-action-hash=\"#elementor-action%3Aaction%3Dlightbox%26settings%3DeyJpZCI6MTI5NTAsInVybCI6Imh0dHBzOlwvXC93d3cucHJvdGVzdGFudHNtdWxob3VzZS5mclwvd3AtY29udGVudFwvdXBsb2Fkc1wvMjAyNlwvMDRcLzI2MDQxOC1HZW5ldmUtNS5qcGVnIiwic2xpZGVzaG93IjoiMDJlYzMyMSJ9\">\n\t\t\t\t\t<div class=\"e-gallery-image elementor-gallery-item__image\" data-thumbnail=\"https:\/\/www.protestantsmulhouse.fr\/wp-content\/uploads\/2026\/04\/260418-Geneve-5-225x300.jpeg\" data-width=\"225\" data-height=\"300\" aria-label=\"\" role=\"img\" ><\/div>\n\t\t\t\t\t\t\t\t\t\t\t<div class=\"elementor-gallery-item__overlay\"><\/div>\n\t\t\t\t\t\t\t\t\t\t\t\t\t\t<\/a>\n\t\t\t\t\t\t\t<a class=\"e-gallery-item elementor-gallery-item elementor-animated-content\" href=\"https:\/\/www.protestantsmulhouse.fr\/wp-content\/uploads\/2026\/04\/260418-Geneve-7.jpeg\" data-elementor-open-lightbox=\"yes\" data-elementor-lightbox-slideshow=\"02ec321\" data-elementor-lightbox-title=\"260418 Gene\u0300ve 7\" data-e-action-hash=\"#elementor-action%3Aaction%3Dlightbox%26settings%3DeyJpZCI6MTI5NTIsInVybCI6Imh0dHBzOlwvXC93d3cucHJvdGVzdGFudHNtdWxob3VzZS5mclwvd3AtY29udGVudFwvdXBsb2Fkc1wvMjAyNlwvMDRcLzI2MDQxOC1HZW5ldmUtNy5qcGVnIiwic2xpZGVzaG93IjoiMDJlYzMyMSJ9\">\n\t\t\t\t\t<div class=\"e-gallery-image elementor-gallery-item__image\" data-thumbnail=\"https:\/\/www.protestantsmulhouse.fr\/wp-content\/uploads\/2026\/04\/260418-Geneve-7-300x183.jpeg\" data-width=\"300\" data-height=\"183\" aria-label=\"\" role=\"img\" ><\/div>\n\t\t\t\t\t\t\t\t\t\t\t<div class=\"elementor-gallery-item__overlay\"><\/div>\n\t\t\t\t\t\t\t\t\t\t\t\t\t\t<\/a>\n\t\t\t\t\t\t\t<a class=\"e-gallery-item elementor-gallery-item elementor-animated-content\" href=\"https:\/\/www.protestantsmulhouse.fr\/wp-content\/uploads\/2026\/04\/260418-Geneve-2.jpeg\" data-elementor-open-lightbox=\"yes\" data-elementor-lightbox-slideshow=\"02ec321\" data-elementor-lightbox-title=\"260418 Gene\u0300ve 2\" data-e-action-hash=\"#elementor-action%3Aaction%3Dlightbox%26settings%3DeyJpZCI6MTI5NDksInVybCI6Imh0dHBzOlwvXC93d3cucHJvdGVzdGFudHNtdWxob3VzZS5mclwvd3AtY29udGVudFwvdXBsb2Fkc1wvMjAyNlwvMDRcLzI2MDQxOC1HZW5ldmUtMi5qcGVnIiwic2xpZGVzaG93IjoiMDJlYzMyMSJ9\">\n\t\t\t\t\t<div class=\"e-gallery-image elementor-gallery-item__image\" data-thumbnail=\"https:\/\/www.protestantsmulhouse.fr\/wp-content\/uploads\/2026\/04\/260418-Geneve-2-225x300.jpeg\" data-width=\"225\" data-height=\"300\" aria-label=\"\" role=\"img\" ><\/div>\n\t\t\t\t\t\t\t\t\t\t\t<div class=\"elementor-gallery-item__overlay\"><\/div>\n\t\t\t\t\t\t\t\t\t\t\t\t\t\t<\/a>\n\t\t\t\t\t\t\t<a class=\"e-gallery-item elementor-gallery-item elementor-animated-content\" href=\"https:\/\/www.protestantsmulhouse.fr\/wp-content\/uploads\/2026\/04\/260418-Geneve-1.jpeg\" data-elementor-open-lightbox=\"yes\" data-elementor-lightbox-slideshow=\"02ec321\" data-elementor-lightbox-title=\"260418 Gene\u0300ve 1\" data-e-action-hash=\"#elementor-action%3Aaction%3Dlightbox%26settings%3DeyJpZCI6MTI5NDgsInVybCI6Imh0dHBzOlwvXC93d3cucHJvdGVzdGFudHNtdWxob3VzZS5mclwvd3AtY29udGVudFwvdXBsb2Fkc1wvMjAyNlwvMDRcLzI2MDQxOC1HZW5ldmUtMS5qcGVnIiwic2xpZGVzaG93IjoiMDJlYzMyMSJ9\">\n\t\t\t\t\t<div class=\"e-gallery-image elementor-gallery-item__image\" data-thumbnail=\"https:\/\/www.protestantsmulhouse.fr\/wp-content\/uploads\/2026\/04\/260418-Geneve-1-225x300.jpeg\" data-width=\"225\" data-height=\"300\" aria-label=\"\" role=\"img\" ><\/div>\n\t\t\t\t\t\t\t\t\t\t\t<div class=\"elementor-gallery-item__overlay\"><\/div>\n\t\t\t\t\t\t\t\t\t\t\t\t\t\t<\/a>\n\t\t\t\t\t\t\t<a class=\"e-gallery-item elementor-gallery-item elementor-animated-content\" href=\"https:\/\/www.protestantsmulhouse.fr\/wp-content\/uploads\/2026\/04\/260418-Mur-de-la-reforme.jpeg\" data-elementor-open-lightbox=\"yes\" data-elementor-lightbox-slideshow=\"02ec321\" data-elementor-lightbox-title=\"260418 Mur de la re\u0301forme\" data-e-action-hash=\"#elementor-action%3Aaction%3Dlightbox%26settings%3DeyJpZCI6MTI5NTQsInVybCI6Imh0dHBzOlwvXC93d3cucHJvdGVzdGFudHNtdWxob3VzZS5mclwvd3AtY29udGVudFwvdXBsb2Fkc1wvMjAyNlwvMDRcLzI2MDQxOC1NdXItZGUtbGEtcmVmb3JtZS5qcGVnIiwic2xpZGVzaG93IjoiMDJlYzMyMSJ9\">\n\t\t\t\t\t<div class=\"e-gallery-image elementor-gallery-item__image\" data-thumbnail=\"https:\/\/www.protestantsmulhouse.fr\/wp-content\/uploads\/2026\/04\/260418-Mur-de-la-reforme-300x225.jpeg\" data-width=\"300\" data-height=\"225\" aria-label=\"\" role=\"img\" ><\/div>\n\t\t\t\t\t\t\t\t\t\t\t<div class=\"elementor-gallery-item__overlay\"><\/div>\n\t\t\t\t\t\t\t\t\t\t\t\t\t\t<\/a>\n\t\t\t\t\t\t\t<a class=\"e-gallery-item elementor-gallery-item elementor-animated-content\" href=\"https:\/\/www.protestantsmulhouse.fr\/wp-content\/uploads\/2026\/04\/260418-Yvoire-1.jpeg\" data-elementor-open-lightbox=\"yes\" data-elementor-lightbox-slideshow=\"02ec321\" data-elementor-lightbox-title=\"260418 Yvoire 1\" data-e-action-hash=\"#elementor-action%3Aaction%3Dlightbox%26settings%3DeyJpZCI6MTI5NTYsInVybCI6Imh0dHBzOlwvXC93d3cucHJvdGVzdGFudHNtdWxob3VzZS5mclwvd3AtY29udGVudFwvdXBsb2Fkc1wvMjAyNlwvMDRcLzI2MDQxOC1Zdm9pcmUtMS5qcGVnIiwic2xpZGVzaG93IjoiMDJlYzMyMSJ9\">\n\t\t\t\t\t<div class=\"e-gallery-image elementor-gallery-item__image\" data-thumbnail=\"https:\/\/www.protestantsmulhouse.fr\/wp-content\/uploads\/2026\/04\/260418-Yvoire-1-225x300.jpeg\" data-width=\"225\" data-height=\"300\" aria-label=\"\" role=\"img\" ><\/div>\n\t\t\t\t\t\t\t\t\t\t\t<div class=\"elementor-gallery-item__overlay\"><\/div>\n\t\t\t\t\t\t\t\t\t\t\t\t\t\t<\/a>\n\t\t\t\t\t\t\t<a class=\"e-gallery-item elementor-gallery-item elementor-animated-content\" href=\"https:\/\/www.protestantsmulhouse.fr\/wp-content\/uploads\/2026\/04\/260418-Yvoire-2.jpeg\" data-elementor-open-lightbox=\"yes\" data-elementor-lightbox-slideshow=\"02ec321\" data-elementor-lightbox-title=\"260418 Yvoire 2\" data-e-action-hash=\"#elementor-action%3Aaction%3Dlightbox%26settings%3DeyJpZCI6MTI5NTcsInVybCI6Imh0dHBzOlwvXC93d3cucHJvdGVzdGFudHNtdWxob3VzZS5mclwvd3AtY29udGVudFwvdXBsb2Fkc1wvMjAyNlwvMDRcLzI2MDQxOC1Zdm9pcmUtMi5qcGVnIiwic2xpZGVzaG93IjoiMDJlYzMyMSJ9\">\n\t\t\t\t\t<div class=\"e-gallery-image elementor-gallery-item__image\" data-thumbnail=\"https:\/\/www.protestantsmulhouse.fr\/wp-content\/uploads\/2026\/04\/260418-Yvoire-2-300x225.jpeg\" data-width=\"300\" data-height=\"225\" aria-label=\"\" role=\"img\" ><\/div>\n\t\t\t\t\t\t\t\t\t\t\t<div class=\"elementor-gallery-item__overlay\"><\/div>\n\t\t\t\t\t\t\t\t\t\t\t\t\t\t<\/a>\n\t\t\t\t\t\t\t<a class=\"e-gallery-item elementor-gallery-item elementor-animated-content\" href=\"https:\/\/www.protestantsmulhouse.fr\/wp-content\/uploads\/2026\/04\/260418-Evian.jpeg\" data-elementor-open-lightbox=\"yes\" data-elementor-lightbox-slideshow=\"02ec321\" data-elementor-lightbox-title=\"260418 Evian\" data-e-action-hash=\"#elementor-action%3Aaction%3Dlightbox%26settings%3DeyJpZCI6MTI5NDcsInVybCI6Imh0dHBzOlwvXC93d3cucHJvdGVzdGFudHNtdWxob3VzZS5mclwvd3AtY29udGVudFwvdXBsb2Fkc1wvMjAyNlwvMDRcLzI2MDQxOC1Fdmlhbi5qcGVnIiwic2xpZGVzaG93IjoiMDJlYzMyMSJ9\">\n\t\t\t\t\t<div class=\"e-gallery-image elementor-gallery-item__image\" data-thumbnail=\"https:\/\/www.protestantsmulhouse.fr\/wp-content\/uploads\/2026\/04\/260418-Evian-300x116.jpeg\" data-width=\"300\" data-height=\"116\" aria-label=\"\" role=\"img\" ><\/div>\n\t\t\t\t\t\t\t\t\t\t\t<div class=\"elementor-gallery-item__overlay\"><\/div>\n\t\t\t\t\t\t\t\t\t\t\t\t\t\t<\/a>\n\t\t\t\t\t\t\t<a class=\"e-gallery-item elementor-gallery-item elementor-animated-content\" href=\"https:\/\/www.protestantsmulhouse.fr\/wp-content\/uploads\/2026\/04\/260418-La-Source.jpeg\" data-elementor-open-lightbox=\"yes\" data-elementor-lightbox-slideshow=\"02ec321\" data-elementor-lightbox-title=\"260418 La Source\" data-e-action-hash=\"#elementor-action%3Aaction%3Dlightbox%26settings%3DeyJpZCI6MTI5NTMsInVybCI6Imh0dHBzOlwvXC93d3cucHJvdGVzdGFudHNtdWxob3VzZS5mclwvd3AtY29udGVudFwvdXBsb2Fkc1wvMjAyNlwvMDRcLzI2MDQxOC1MYS1Tb3VyY2UuanBlZyIsInNsaWRlc2hvdyI6IjAyZWMzMjEifQ%3D%3D\">\n\t\t\t\t\t<div class=\"e-gallery-image elementor-gallery-item__image\" data-thumbnail=\"https:\/\/www.protestantsmulhouse.fr\/wp-content\/uploads\/2026\/04\/260418-La-Source-300x225.jpeg\" data-width=\"300\" data-height=\"225\" aria-label=\"\" role=\"img\" ><\/div>\n\t\t\t\t\t\t\t\t\t\t\t<div class=\"elementor-gallery-item__overlay\"><\/div>\n\t\t\t\t\t\t\t\t\t\t\t\t\t\t<\/a>\n\t\t\t\t\t\t\t<a class=\"e-gallery-item elementor-gallery-item elementor-animated-content\" href=\"https:\/\/www.protestantsmulhouse.fr\/wp-content\/uploads\/2026\/04\/Foto-13.04.26-16-52-51-scaled.jpg\" data-elementor-open-lightbox=\"yes\" data-elementor-lightbox-slideshow=\"02ec321\" data-elementor-lightbox-title=\"Foto 13.04.26, 16 52 51\" data-e-action-hash=\"#elementor-action%3Aaction%3Dlightbox%26settings%3DeyJpZCI6MTQxNzMsInVybCI6Imh0dHBzOlwvXC93d3cucHJvdGVzdGFudHNtdWxob3VzZS5mclwvd3AtY29udGVudFwvdXBsb2Fkc1wvMjAyNlwvMDRcL0ZvdG8tMTMuMDQuMjYtMTYtNTItNTEtc2NhbGVkLmpwZyIsInNsaWRlc2hvdyI6IjAyZWMzMjEifQ%3D%3D\">\n\t\t\t\t\t<div class=\"e-gallery-image elementor-gallery-item__image\" data-thumbnail=\"https:\/\/www.protestantsmulhouse.fr\/wp-content\/uploads\/2026\/04\/Foto-13.04.26-16-52-51-300x225.jpg\" data-width=\"300\" data-height=\"225\" aria-label=\"\" role=\"img\" ><\/div>\n\t\t\t\t\t\t\t\t\t\t\t<div class=\"elementor-gallery-item__overlay\"><\/div>\n\t\t\t\t\t\t\t\t\t\t\t\t\t\t<\/a>\n\t\t\t\t\t\t\t<a class=\"e-gallery-item elementor-gallery-item elementor-animated-content\" href=\"https:\/\/www.protestantsmulhouse.fr\/wp-content\/uploads\/2026\/04\/Foto-13.04.26-15-49-56-scaled.jpg\" data-elementor-open-lightbox=\"yes\" data-elementor-lightbox-slideshow=\"02ec321\" data-elementor-lightbox-title=\"Foto 13.04.26, 15 49 56\" data-e-action-hash=\"#elementor-action%3Aaction%3Dlightbox%26settings%3DeyJpZCI6MTQxNzQsInVybCI6Imh0dHBzOlwvXC93d3cucHJvdGVzdGFudHNtdWxob3VzZS5mclwvd3AtY29udGVudFwvdXBsb2Fkc1wvMjAyNlwvMDRcL0ZvdG8tMTMuMDQuMjYtMTUtNDktNTYtc2NhbGVkLmpwZyIsInNsaWRlc2hvdyI6IjAyZWMzMjEifQ%3D%3D\">\n\t\t\t\t\t<div class=\"e-gallery-image elementor-gallery-item__image\" data-thumbnail=\"https:\/\/www.protestantsmulhouse.fr\/wp-content\/uploads\/2026\/04\/Foto-13.04.26-15-49-56-300x225.jpg\" data-width=\"300\" data-height=\"225\" aria-label=\"\" role=\"img\" ><\/div>\n\t\t\t\t\t\t\t\t\t\t\t<div class=\"elementor-gallery-item__overlay\"><\/div>\n\t\t\t\t\t\t\t\t\t\t\t\t\t\t<\/a>\n\t\t\t\t\t<\/div>\n\t\t\t\t\t<\/div>\n\t\t\t\t<\/div>\n\t\t\t\t\t<\/div>\n\t\t<\/div>\n\t\t\t\t<div class=\"elementor-column elementor-col-16 elementor-top-column elementor-element elementor-element-7f14863\" data-id=\"7f14863\" data-element_type=\"column\" data-e-type=\"column\" data-settings=\"{&quot;background_background&quot;:&quot;classic&quot;}\">\n\t\t\t<div class=\"elementor-widget-wrap elementor-element-populated\">\n\t\t\t\t\t\t<div class=\"elementor-element elementor-element-cbcacd1 elementor-widget elementor-widget-spacer\" data-id=\"cbcacd1\" data-element_type=\"widget\" data-e-type=\"widget\" data-widget_type=\"spacer.default\">\n\t\t\t\t<div class=\"elementor-widget-container\">\n\t\t\t\t\t\t\t<div class=\"elementor-spacer\">\n\t\t\t<div class=\"elementor-spacer-inner\"><\/div>\n\t\t<\/div>\n\t\t\t\t\t\t<\/div>\n\t\t\t\t<\/div>\n\t\t\t\t\t<\/div>\n\t\t<\/div>\n\t\t\t\t\t<\/div>\n\t\t<\/section>\n\t\t\t\t<section class=\"elementor-section elementor-top-section elementor-element elementor-element-61ff1c8 elementor-section-boxed elementor-section-height-default elementor-section-height-default\" data-id=\"61ff1c8\" data-element_type=\"section\" data-e-type=\"section\">\n\t\t\t\t\t\t<div class=\"elementor-container elementor-column-gap-default\">\n\t\t\t\t\t<div class=\"elementor-column elementor-col-100 elementor-top-column elementor-element elementor-element-8c794d2\" data-id=\"8c794d2\" data-element_type=\"column\" data-e-type=\"column\">\n\t\t\t<div class=\"elementor-widget-wrap\">\n\t\t\t\t\t\t\t<\/div>\n\t\t<\/div>\n\t\t\t\t\t<\/div>\n\t\t<\/section>\n\t\t\t\t<\/div>","protected":false},"excerpt":{"rendered":"<p>S\u00e9jour interg\u00e9n\u00e9rationnel Cat\u00e9chisme et ParoissiensParoisses d&#8217;Illzach Jeune-Bois, Riedisheim-Rixheim et Dynamique Mulhousienne \u00a0 11 cat\u00e9chum\u00e8nes, 6 paroissiennes et 3 pasteurs sont partis \u00e0 la d\u00e9couverte du Gen\u00e8ve Protestant.\u00a0 D\u00e9part le dimanche 12 avril apr\u00e8s le culte et un repas tir\u00e9 des sacs. 5 heures de route pour rejoindre notre lieu de s\u00e9jour, le Centre de Vacances [&hellip;]<\/p>\n","protected":false},"author":2,"featured_media":0,"comment_status":"open","ping_status":"open","sticky":false,"template":"","format":"standard","meta":{"footnotes":""},"categories":[156],"tags":[],"class_list":["post-8670","post","type-post","status-publish","format-standard","hentry","category-evennement"],"meta_box":{"imic_strict_no_header":"0","imic_page_topbar_show":"","imic_page_specific_header":"","imic_page_logo_image":[],"imic_page_retina_logo_image":[],"imic_page_retina_logo_image_width":"","imic_page_retina_logo_image_height":"","imic_page_layout":"","imic_content_width":"","imic_content_padding_top":"","imic_content_padding_bottom":"","imic_pages_body_bg_color":"","imic_pages_body_bg_image":[],"imic_pages_body_bg_wide":"0","imic_pages_body_bg_repeat":"repeat","imic_pages_content_bg_color":"","imic_pages_content_bg_image":[],"imic_pages_content_bg_wide":"0","imic_pages_content_bg_repeat":"repeat","imic_page_header_show":"1","imic_pages_Choose_slider_display":"0","imic_header_image":[],"imic_pages_select_revolution_from_list":"","imic_pages_select_smart_from_list":"1","imic_pages_slider_height":"","imic_pages_slider_image":[],"imic_pages_slider_auto_slide":"yes","imic_pages_slider_speed":"","imic_pages_slider_pagination":"yes","imic_pages_slider_direction_arrows":"yes","imic_pages_slider_effects":"fade","imic_pages_banner_color":"","imic_pages_breadcrumb_show":"1","imic_pages_title_show":"1","imic_pages_banner_bg_color":"","imic_post_page_custom_title":"","imic_pages_banner_text_color":"","imic_pages_title_alignment":"","imic_page_social_share":"1","imic_select_sidebar_from_list":"","imic_select_sidebar_position":"","imic_post_custom_description":""},"_links":{"self":[{"href":"https:\/\/www.protestantsmulhouse.fr\/de\/wp-json\/wp\/v2\/posts\/8670","targetHints":{"allow":["GET"]}}],"collection":[{"href":"https:\/\/www.protestantsmulhouse.fr\/de\/wp-json\/wp\/v2\/posts"}],"about":[{"href":"https:\/\/www.protestantsmulhouse.fr\/de\/wp-json\/wp\/v2\/types\/post"}],"author":[{"embeddable":true,"href":"https:\/\/www.protestantsmulhouse.fr\/de\/wp-json\/wp\/v2\/users\/2"}],"replies":[{"embeddable":true,"href":"https:\/\/www.protestantsmulhouse.fr\/de\/wp-json\/wp\/v2\/comments?post=8670"}],"version-history":[{"count":79,"href":"https:\/\/www.protestantsmulhouse.fr\/de\/wp-json\/wp\/v2\/posts\/8670\/revisions"}],"predecessor-version":[{"id":14193,"href":"https:\/\/www.protestantsmulhouse.fr\/de\/wp-json\/wp\/v2\/posts\/8670\/revisions\/14193"}],"wp:attachment":[{"href":"https:\/\/www.protestantsmulhouse.fr\/de\/wp-json\/wp\/v2\/media?parent=8670"}],"wp:term":[{"taxonomy":"category","embeddable":true,"href":"https:\/\/www.protestantsmulhouse.fr\/de\/wp-json\/wp\/v2\/categories?post=8670"},{"taxonomy":"post_tag","embeddable":true,"href":"https:\/\/www.protestantsmulhouse.fr\/de\/wp-json\/wp\/v2\/tags?post=8670"}],"curies":[{"name":"wp","href":"https:\/\/api.w.org\/{rel}","templated":true}]}}